{"id":2508,"date":"2018-07-06T20:57:39","date_gmt":"2018-07-06T20:57:39","guid":{"rendered":"https:\/\/www.frelimo.org.mz\/?p=2508"},"modified":"2018-07-06T20:57:39","modified_gmt":"2018-07-06T20:57:39","slug":"processo-de-paz-em-mocambique-e-irreversivel-pr","status":"publish","type":"post","link":"https:\/\/www.frelimo.org.mz\/?p=2508","title":{"rendered":"\u201cProcesso de paz em Mo\u00e7ambique \u00e9 irrevers\u00edvel \u201c- PR"},"content":{"rendered":"<p style=\"margin: 0px 0px 10px; font-family: 'Titillium Web'; color: #111111; font-size: 14px; background-color: #f6f6f6;\">Nyusi falava, em Maputo, num banquete de Estado oferecido ao Primeiro- ministro portugu\u00eas, Ant\u00f3nio Costa que est\u00e1 de visita ao nosso pa\u00eds.<\/p>\n<p style=\"margin: 0px 0px 10px; font-family: 'Titillium Web'; color: #111111; font-size: 14px; background-color: #f6f6f6;\">\u201cA paz n\u00e3o nasce por se vencer um advers\u00e1rio. A verdadeira paz consiste em nunca chegar a ter inimigos. Decidimos falar entre mo\u00e7ambicanos antes<\/p>\n<p><!--more--><\/p>\n<p style=\"margin: 0px 0px 10px; font-family: 'Titillium Web'; color: #111111; font-size: 14px; background-color: #f6f6f6;\">de exaustarmos todas as nossas energias, recursos e boa-f\u00e9 que s\u00e3o necess\u00e1rios para construir pontes, produzir comida, instalar \u00e1gua e energia, habita\u00e7\u00e3o, educa\u00e7\u00e3o, sa\u00fade e pol\u00edticas sustent\u00e1veis para erradica\u00e7\u00e3o da pobreza. Entre mo\u00e7ambicanos n\u00e3o somos inimigos, da\u00ed que a melhor via que escolhemos para o nosso conv\u00edvio fraterno \u00e9 o di\u00e1logo\u201d, frisou.<\/p>\n<p style=\"margin: 0px 0px 10px; font-family: 'Titillium Web'; color: #111111; font-size: 14px; background-color: #f6f6f6;\">O Chefe do Estado acrescentou que o desarmamento dos homens da Renamo \u00e9 uma das fases importantes para a consolida\u00e7\u00e3o da democracia em Mo\u00e7ambique.<\/p>\n<p style=\"margin: 0px 0px 10px; font-family: 'Titillium Web'; color: #111111; font-size: 14px; background-color: #f6f6f6;\">Por outro lado, o Presidente da Rep\u00fablica referiu que as reformas introduzidas pelo governo no sector de Administra\u00e7\u00e3o est\u00e3o a tornar a gest\u00e3o da coisa p\u00fablica mais sustent\u00e1vel.<\/p>\n<p style=\"margin: 0px 0px 10px; font-family: 'Titillium Web'; color: #111111; font-size: 14px; background-color: #f6f6f6;\">Ontem, O Presidente da Rep\u00fablica, e o primeiro-ministro Portugu\u00eas, Ant\u00f3nio Costa participaram na terceira cimeira bilateral Mo\u00e7ambique &#8211; Portugal, um encontro que culminou com a assinatura de dez acordos de coopera\u00e7\u00e3o.<\/p>\n<p style=\"margin: 0px 0px 10px; font-family: 'Titillium Web'; color: #111111; font-size: 14px; background-color: #f6f6f6;\">Ant\u00f3nio Costa manifestou o compromisso de Portugal trabalhar para operacionalizar os acordos assinados na Cimeira.<\/p>\n<p style=\"margin: 0px 0px 10px; font-family: 'Titillium Web'; color: #111111; font-size: 14px; background-color: #f6f6f6;\">Primeiro-ministro de Portugal, cumpre, esta sexta-feira, o segundo dia de visita a Mo\u00e7ambique. ( RM)<\/p>\n","protected":false},"excerpt":{"rendered":"<p>Nyusi falava, em Maputo, num banquete de Estado oferecido ao Primeiro- ministro portugu\u00eas, Ant\u00f3nio Costa que est\u00e1 de visita ao nosso pa\u00eds. \u201cA paz n\u00e3o nasce por se vencer um advers\u00e1rio. A verdadeira paz consiste em nunca chegar a ter inimigos. Decidimos falar entre mo\u00e7ambicanos antes de exaustarmos todas as nossas energias, recursos e boa-f\u00e9 &hellip;<\/p>\n","protected":false},"author":1,"featured_media":0,"comment_status":"open","ping_status":"open","sticky":false,"template":"","format":"standard","meta":{"_jetpack_memberships_contains_paid_content":false,"footnotes":""},"categories":[4],"tags":[],"class_list":["post-2508","post","type-post","status-publish","format-standard","hentry","category-outras"],"jetpack_featured_media_url":"","jetpack_sharing_enabled":true,"_links":{"self":[{"href":"https:\/\/www.frelimo.org.mz\/index.php?rest_route=\/wp\/v2\/posts\/2508","targetHints":{"allow":["GET"]}}],"collection":[{"href":"https:\/\/www.frelimo.org.mz\/index.php?rest_route=\/wp\/v2\/posts"}],"about":[{"href":"https:\/\/www.frelimo.org.mz\/index.php?rest_route=\/wp\/v2\/types\/post"}],"author":[{"embeddable":true,"href":"https:\/\/www.frelimo.org.mz\/index.php?rest_route=\/wp\/v2\/users\/1"}],"replies":[{"embeddable":true,"href":"https:\/\/www.frelimo.org.mz\/index.php?rest_route=%2Fwp%2Fv2%2Fcomments&post=2508"}],"version-history":[{"count":0,"href":"https:\/\/www.frelimo.org.mz\/index.php?rest_route=\/wp\/v2\/posts\/2508\/revisions"}],"wp:attachment":[{"href":"https:\/\/www.frelimo.org.mz\/index.php?rest_route=%2Fwp%2Fv2%2Fmedia&parent=2508"}],"wp:term":[{"taxonomy":"category","embeddable":true,"href":"https:\/\/www.frelimo.org.mz\/index.php?rest_route=%2Fwp%2Fv2%2Fcategories&post=2508"},{"taxonomy":"post_tag","embeddable":true,"href":"https:\/\/www.frelimo.org.mz\/index.php?rest_route=%2Fwp%2Fv2%2Ftags&post=2508"}],"curies":[{"name":"wp","href":"https:\/\/api.w.org\/{rel}","templated":true}]}}