{"id":2502,"date":"2018-06-30T22:00:00","date_gmt":"2018-06-30T22:00:00","guid":{"rendered":"https:\/\/www.frelimo.org.mz\/?p=2502"},"modified":"2018-06-30T22:00:00","modified_gmt":"2018-06-30T22:00:00","slug":"agostinho-chelua-apela-a-populacao-do-distrito-de-lalaua-a-ser-vigilante","status":"publish","type":"post","link":"https:\/\/www.frelimo.org.mz\/?p=2502","title":{"rendered":"Agostinho Chelua, \u00a0apela a popula\u00e7\u00e3o do Distrito de Lalaua, a ser vigilante"},"content":{"rendered":"<div>O primeiro secret\u00e1rio do &nbsp;Comit\u00e9 provincial da FRELIMO em &nbsp;Nampula, &nbsp;Agostinho Chelua, &nbsp;apela a popula\u00e7\u00e3o do Distrito de Lalaua, a ser vigilantes para que n\u00e3o haja cidad\u00e3os mobilizadores de pessoas para incorporarem no<br \/>\n<!--more--><br \/>\ngrupo supostamente isl\u00e2mico que semea terror na vizinha Prov\u00edncia de cabo Delgado. &#8221; apelomos a toda popula\u00e7\u00e3o desta regi\u00e3o a ser vigilante, &nbsp;porque esses malfeitores que est\u00e3o a semear luto para os Mo\u00e7ambicanos em Cabo Delgado, &nbsp;s\u00e3o pessoas que convivem connosco ou seja saem das nossas comunidades por isso, &nbsp;vamos ser vigilantes, &nbsp;se ver um cidad\u00e3o estranho vamos aproximar a pol\u00edcia ou os nossos l\u00edderes comunit\u00e1rios, pois, a popula\u00e7\u00e3o quer viver em paz para continuar a produzir comida para o bem estar das nossas familias&#8221; disse Chelua, &nbsp;na \u00daltima Sexta-feira 30-06-2018, na localidade de Lurio, no \u00e2mbito da visita de trabalho de Dois &nbsp;dias que efectua no Distrito de Lalaua, onde &nbsp;trabalhou sucessivamente na localidade de L\u00fario e no povoado de Meruasse,&nbsp;<\/div>\n<div>Nestes locais, &nbsp;orientou igualmente com\u00edcios populares, manteve encontro com primeiros secret\u00e1rios dos comit\u00e9s de c\u00edrculo e secret\u00e1rios de celulas, &nbsp;para auscultar suas preocupa\u00e7\u00f5es, sugest\u00f5es e respectivamente deixar recomenda\u00e7\u00f5es para o bom funcionamento do Partido Frelimo, &nbsp;naquela circunscri\u00e7\u00e3o teritorial.&nbsp;<\/div>\n<div>&nbsp;<\/div>\n<div>O Timoneiro da FRELIMO em Nampula, &nbsp;Agostinho Chelua, assistiu a iniciativa minha c\u00e9lula funciona no povoado de Meruasse, &nbsp;para se inteirar da execu\u00e7\u00e3o do processo. No &nbsp;final do encontro &nbsp;ofereceu bandeiras aos Comiss\u00e1rios politicos &nbsp;como forma de manter a boa imagem do partido, encabe\u00e7ado pelo Presidente da FRELIMO Filipe Jacinto Nyusi.<\/div>\n","protected":false},"excerpt":{"rendered":"<p>O primeiro secret\u00e1rio do &nbsp;Comit\u00e9 provincial da FRELIMO em &nbsp;Nampula, &nbsp;Agostinho Chelua, &nbsp;apela a popula\u00e7\u00e3o do Distrito de Lalaua, a ser vigilantes para que n\u00e3o haja cidad\u00e3os mobilizadores de pessoas para incorporarem no grupo supostamente isl\u00e2mico que semea terror na vizinha Prov\u00edncia de cabo Delgado. &#8221; apelomos a toda popula\u00e7\u00e3o desta regi\u00e3o a ser vigilante, &hellip;<\/p>\n","protected":false},"author":1,"featured_media":0,"comment_status":"open","ping_status":"open","sticky":false,"template":"","format":"standard","meta":{"_jetpack_memberships_contains_paid_content":false,"footnotes":""},"categories":[4],"tags":[],"class_list":["post-2502","post","type-post","status-publish","format-standard","hentry","category-outras"],"jetpack_featured_media_url":"","jetpack_sharing_enabled":true,"_links":{"self":[{"href":"https:\/\/www.frelimo.org.mz\/index.php?rest_route=\/wp\/v2\/posts\/2502","targetHints":{"allow":["GET"]}}],"collection":[{"href":"https:\/\/www.frelimo.org.mz\/index.php?rest_route=\/wp\/v2\/posts"}],"about":[{"href":"https:\/\/www.frelimo.org.mz\/index.php?rest_route=\/wp\/v2\/types\/post"}],"author":[{"embeddable":true,"href":"https:\/\/www.frelimo.org.mz\/index.php?rest_route=\/wp\/v2\/users\/1"}],"replies":[{"embeddable":true,"href":"https:\/\/www.frelimo.org.mz\/index.php?rest_route=%2Fwp%2Fv2%2Fcomments&post=2502"}],"version-history":[{"count":0,"href":"https:\/\/www.frelimo.org.mz\/index.php?rest_route=\/wp\/v2\/posts\/2502\/revisions"}],"wp:attachment":[{"href":"https:\/\/www.frelimo.org.mz\/index.php?rest_route=%2Fwp%2Fv2%2Fmedia&parent=2502"}],"wp:term":[{"taxonomy":"category","embeddable":true,"href":"https:\/\/www.frelimo.org.mz\/index.php?rest_route=%2Fwp%2Fv2%2Fcategories&post=2502"},{"taxonomy":"post_tag","embeddable":true,"href":"https:\/\/www.frelimo.org.mz\/index.php?rest_route=%2Fwp%2Fv2%2Ftags&post=2502"}],"curies":[{"name":"wp","href":"https:\/\/api.w.org\/{rel}","templated":true}]}}