{"id":2490,"date":"2018-06-25T22:00:00","date_gmt":"2018-06-25T22:00:00","guid":{"rendered":"https:\/\/www.frelimo.org.mz\/?p=2490"},"modified":"2018-06-25T22:00:00","modified_gmt":"2018-06-25T22:00:00","slug":"qualquer-reivindicacao-deve-ser-apresentanda-em-local-aproriado-e-por-via-de-dialogo-pr","status":"publish","type":"post","link":"https:\/\/www.frelimo.org.mz\/?p=2490","title":{"rendered":"\u201cQualquer reivindica\u00e7\u00e3o deve ser apresentada em local apropriado e por via de di\u00e1logo\u201d -PR"},"content":{"rendered":"<div class=\"itemIntroText\" style=\"color: #111111; font-family: 'Titillium Web'; font-size: 14px; background-color: #f6f6f6;\">\n<p style=\"margin: 0px 0px 10px;\">O governo exorta a sociedade mo\u00e7ambicana a apresentar qualquer reivindica\u00e7\u00e3o social &nbsp;em local e de forma aproriados.<\/p>\n<\/div>\n<div class=\"itemFullText\" style=\"color: #111111; font-family: 'Titillium Web'; font-size: 14px; background-color: #f6f6f6;\">\n<p style=\"margin: 0px 0px 10px;\">&nbsp;O Executivo defende que independentemente da natureza das reivindica\u00e7\u00f5es, o di\u00e1logo deve ser o caminho para a sua resolu\u00e7\u00e3o.<\/p>\n<p><!--more--><\/p>\n<p style=\"margin: 0px 0px 10px;\">&nbsp;<\/p>\n<p style=\"margin: 0px 0px 10px;\">A posi\u00e7\u00e3o foi apresentada esta segunda-feira, em Maputo, pelo Presidente da Rep\u00fablica Filipe Nyusi, na sequ\u00eancia de incurs\u00f5es armadas perpretadas por desconhecidos, na prov\u00edncia de Cabo Delgado.<\/p>\n<p style=\"margin: 0px 0px 10px;\">\u201cTrata-se de actos hediondos que repugnam&nbsp; a todos, porque atentam<\/p>\n<p style=\"margin: 0px 0px 10px;\">&nbsp;contra a ordem p\u00fablica e semeam luto e dor nas fam\u00edlias mo\u00e7ambicanas, al\u00e9m de provocar o p\u00e2nico entre as popula\u00e7\u00f5es. Esta situa\u00e7\u00e3o agita as&nbsp; nossas comunidades, pois, para al\u00e9m de homic\u00eddios e ferimentos a cidad\u00e3os inocentes, vandalizam aldeias, roubam produtos dos populares . A posi\u00e7\u00e3o do governo \u00e9 que qualquer reivindica\u00e7\u00e3o de sectores de popula\u00e7\u00e3o, sejam eles leg\u00edtimas ou n\u00e3o, devem ser apresentadas nos locais apropriados e pela via do di\u00e1olgo que \u00e9 a melhor via para o alcance dos objectivos pretendidos\u201d, disse.<\/p>\n<p style=\"margin: 0px 0px 10px;\">O Presidente da Rep\u00fablica, que falava no \u00e2mbito da passagem dos quarenta e tr\u00eas anos da independ\u00eancia nacional, disse que o Governo tudo far\u00e1 para neutralizar os homens armados que semeiam terror e luto, em Cabo Delgado.<\/p>\n<p style=\"margin: 0px 0px 10px;\">Sobre a paz, afirmou ser urgente o desarmamento da Renamo, n\u00e3o havendo alternativa ao processo.&nbsp;<\/p>\n<\/div>\n","protected":false},"excerpt":{"rendered":"<p>O governo exorta a sociedade mo\u00e7ambicana a apresentar qualquer reivindica\u00e7\u00e3o social &nbsp;em local e de forma aproriados. &nbsp;O Executivo defende que independentemente da natureza das reivindica\u00e7\u00f5es, o di\u00e1logo deve ser o caminho para a sua resolu\u00e7\u00e3o. &nbsp; A posi\u00e7\u00e3o foi apresentada esta segunda-feira, em Maputo, pelo Presidente da Rep\u00fablica Filipe Nyusi, na sequ\u00eancia de incurs\u00f5es &hellip;<\/p>\n","protected":false},"author":1,"featured_media":0,"comment_status":"open","ping_status":"open","sticky":false,"template":"","format":"standard","meta":{"_jetpack_memberships_contains_paid_content":false,"footnotes":""},"categories":[4],"tags":[],"class_list":["post-2490","post","type-post","status-publish","format-standard","hentry","category-outras"],"jetpack_featured_media_url":"","jetpack_sharing_enabled":true,"_links":{"self":[{"href":"https:\/\/www.frelimo.org.mz\/index.php?rest_route=\/wp\/v2\/posts\/2490","targetHints":{"allow":["GET"]}}],"collection":[{"href":"https:\/\/www.frelimo.org.mz\/index.php?rest_route=\/wp\/v2\/posts"}],"about":[{"href":"https:\/\/www.frelimo.org.mz\/index.php?rest_route=\/wp\/v2\/types\/post"}],"author":[{"embeddable":true,"href":"https:\/\/www.frelimo.org.mz\/index.php?rest_route=\/wp\/v2\/users\/1"}],"replies":[{"embeddable":true,"href":"https:\/\/www.frelimo.org.mz\/index.php?rest_route=%2Fwp%2Fv2%2Fcomments&post=2490"}],"version-history":[{"count":0,"href":"https:\/\/www.frelimo.org.mz\/index.php?rest_route=\/wp\/v2\/posts\/2490\/revisions"}],"wp:attachment":[{"href":"https:\/\/www.frelimo.org.mz\/index.php?rest_route=%2Fwp%2Fv2%2Fmedia&parent=2490"}],"wp:term":[{"taxonomy":"category","embeddable":true,"href":"https:\/\/www.frelimo.org.mz\/index.php?rest_route=%2Fwp%2Fv2%2Fcategories&post=2490"},{"taxonomy":"post_tag","embeddable":true,"href":"https:\/\/www.frelimo.org.mz\/index.php?rest_route=%2Fwp%2Fv2%2Ftags&post=2490"}],"curies":[{"name":"wp","href":"https:\/\/api.w.org\/{rel}","templated":true}]}}