{"id":2457,"date":"2018-05-30T08:15:06","date_gmt":"2018-05-30T08:15:06","guid":{"rendered":"https:\/\/www.frelimo.org.mz\/?p=2457"},"modified":"2018-05-30T08:15:06","modified_gmt":"2018-05-30T08:15:06","slug":"distrito-de-erati-40-mil-pessoas-tem-acesso-a-agua-potavel","status":"publish","type":"post","link":"https:\/\/www.frelimo.org.mz\/?p=2457","title":{"rendered":"Distrito de Er\u00e1ti: 40 mil pessoas tem acesso a \u00e1gua pot\u00e1vel"},"content":{"rendered":"<p><span style=\"color: #1d2129; font-family: Helvetica, Arial, sans-serif; font-size: 14px;\">Para responder um dos anseios da popula\u00e7\u00e3o do distrito de Er\u00e1ti, prov\u00edncia de Nampula, o Presidente da Rep\u00fablica, Filipe Nyusi, inaugurou, esta segunda-feira, um sistema de abastecimento de \u00e1gua pot\u00e1vel que vai beneficiar os 40 mil residentes da vila de Alua. O sistema tem capacidade para abastecer pouco mais de 24 mil consumidores.<\/span><\/p>\n<p><!--more--><\/p>\n<p><span style=\"color: #1d2129; font-family: Helvetica, Arial, sans-serif; font-size: 14px;\"><\/span><span style=\"color: #1d2129; font-family: Helvetica, Arial, sans-serif; font-size: 14px;\">O empreendimento compreende um sistema de capta\u00e7\u00e3o em quatro furo<\/span><span class=\"text_exposed_show\" style=\"display: inline; font-family: Helvetica, Arial, sans-serif; color: #1d2129; font-size: 14px;\">s com um caudal total de 24 metros c\u00fabicos por hora, um reservat\u00f3rio apoiado com 100 metros c\u00fabicos de volume e outro, elevado, capaz de armazenar 60 mil litros de \u00e1gua. Est\u00e1 ligado a 20 fontan\u00e1rios p\u00fablicos e 150 liga\u00e7\u00f5es domicili\u00e1rias e fornece \u00e1gua ao centro de sa\u00fade local, centro internato, centro de forma\u00e7\u00e3o de sa\u00fade com uma tubagem inicial de 12.5 quil\u00f3metros de extens\u00e3o numa primeira fase.<\/span><\/p>\n","protected":false},"excerpt":{"rendered":"<p>Para responder um dos anseios da popula\u00e7\u00e3o do distrito de Er\u00e1ti, prov\u00edncia de Nampula, o Presidente da Rep\u00fablica, Filipe Nyusi, inaugurou, esta segunda-feira, um sistema de abastecimento de \u00e1gua pot\u00e1vel que vai beneficiar os 40 mil residentes da vila de Alua. O sistema tem capacidade para abastecer pouco mais de 24 mil consumidores. O empreendimento &hellip;<\/p>\n","protected":false},"author":1,"featured_media":0,"comment_status":"open","ping_status":"open","sticky":false,"template":"","format":"standard","meta":{"_jetpack_memberships_contains_paid_content":false,"footnotes":""},"categories":[4],"tags":[],"class_list":["post-2457","post","type-post","status-publish","format-standard","hentry","category-outras"],"jetpack_featured_media_url":"","jetpack_sharing_enabled":true,"_links":{"self":[{"href":"https:\/\/www.frelimo.org.mz\/index.php?rest_route=\/wp\/v2\/posts\/2457","targetHints":{"allow":["GET"]}}],"collection":[{"href":"https:\/\/www.frelimo.org.mz\/index.php?rest_route=\/wp\/v2\/posts"}],"about":[{"href":"https:\/\/www.frelimo.org.mz\/index.php?rest_route=\/wp\/v2\/types\/post"}],"author":[{"embeddable":true,"href":"https:\/\/www.frelimo.org.mz\/index.php?rest_route=\/wp\/v2\/users\/1"}],"replies":[{"embeddable":true,"href":"https:\/\/www.frelimo.org.mz\/index.php?rest_route=%2Fwp%2Fv2%2Fcomments&post=2457"}],"version-history":[{"count":0,"href":"https:\/\/www.frelimo.org.mz\/index.php?rest_route=\/wp\/v2\/posts\/2457\/revisions"}],"wp:attachment":[{"href":"https:\/\/www.frelimo.org.mz\/index.php?rest_route=%2Fwp%2Fv2%2Fmedia&parent=2457"}],"wp:term":[{"taxonomy":"category","embeddable":true,"href":"https:\/\/www.frelimo.org.mz\/index.php?rest_route=%2Fwp%2Fv2%2Fcategories&post=2457"},{"taxonomy":"post_tag","embeddable":true,"href":"https:\/\/www.frelimo.org.mz\/index.php?rest_route=%2Fwp%2Fv2%2Ftags&post=2457"}],"curies":[{"name":"wp","href":"https:\/\/api.w.org\/{rel}","templated":true}]}}