{"id":2436,"date":"2018-05-20T22:00:00","date_gmt":"2018-05-20T22:00:00","guid":{"rendered":"https:\/\/www.frelimo.org.mz\/?p=2436"},"modified":"2018-05-20T22:00:00","modified_gmt":"2018-05-20T22:00:00","slug":"primeiro-secretario-do-comite-provincial-da-frelimo-em-nampula-agostinho-chelua-reune-com-os-membros-e-quadros-daquele-partido","status":"publish","type":"post","link":"https:\/\/www.frelimo.org.mz\/?p=2436","title":{"rendered":"PRIMEIRO SECRET\u00c1RIO DO COMIT\u00c9 PROVINCIAL DA FRELIMO EM NAMPULA AGOSTINHO CHELUA, RE\u00daNE COM OS MEMBROS E QUADROS DAQUELE PARTIDO."},"content":{"rendered":"<p><span style=\"color: #1d2129; font-family: Helvetica, Arial, sans-serif; font-size: 14px;\">Partido FRELIMO em Nampula reuniu hoje 21.05.2018 para concerta\u00e7\u00f5es da Visita Presidencial, o acto diringido pelo Primeiro Secret\u00e1rio do Comit\u00e9 Provincial da FRELIMO Agostinho Chelua coadjuvado pelo Secretariado do Comit\u00e9 Provincial.Nesta, estiveram<\/span><\/p>\n<p><!--more--><\/p>\n<p><span style=\"color: #1d2129; font-family: Helvetica, Arial, sans-serif; font-size: 14px;\">presentes Membros do Comit\u00e9 Provincial e Central do Partido dos Camaradas. Na ocasi\u00e3o Chelua deixou recomenda\u00e7\u00f5es da vida pol\u00edtica do Partido e palavras de apre\u00e7o pelo bom empenho destes na mobiliza\u00e7\u00e3o feita aos militantes e simpatizantes com capacidade eleitoral residentes em Munic\u00edpios que poderam obter o cart\u00e3o de eleitor para exercer o direito c\u00edvico que \u00e9 de votar no Candidato da FRELIMO. Para Chelua FRELIMO \u00e9 o Partido do povo e da paz.YD<\/span><\/p>\n","protected":false},"excerpt":{"rendered":"<p>Partido FRELIMO em Nampula reuniu hoje 21.05.2018 para concerta\u00e7\u00f5es da Visita Presidencial, o acto diringido pelo Primeiro Secret\u00e1rio do Comit\u00e9 Provincial da FRELIMO Agostinho Chelua coadjuvado pelo Secretariado do Comit\u00e9 Provincial.Nesta, estiveram presentes Membros do Comit\u00e9 Provincial e Central do Partido dos Camaradas. Na ocasi\u00e3o Chelua deixou recomenda\u00e7\u00f5es da vida pol\u00edtica do Partido e palavras &hellip;<\/p>\n","protected":false},"author":1,"featured_media":0,"comment_status":"open","ping_status":"open","sticky":false,"template":"","format":"standard","meta":{"_jetpack_memberships_contains_paid_content":false,"footnotes":""},"categories":[4],"tags":[],"class_list":["post-2436","post","type-post","status-publish","format-standard","hentry","category-outras"],"jetpack_featured_media_url":"","jetpack_sharing_enabled":true,"_links":{"self":[{"href":"https:\/\/www.frelimo.org.mz\/index.php?rest_route=\/wp\/v2\/posts\/2436","targetHints":{"allow":["GET"]}}],"collection":[{"href":"https:\/\/www.frelimo.org.mz\/index.php?rest_route=\/wp\/v2\/posts"}],"about":[{"href":"https:\/\/www.frelimo.org.mz\/index.php?rest_route=\/wp\/v2\/types\/post"}],"author":[{"embeddable":true,"href":"https:\/\/www.frelimo.org.mz\/index.php?rest_route=\/wp\/v2\/users\/1"}],"replies":[{"embeddable":true,"href":"https:\/\/www.frelimo.org.mz\/index.php?rest_route=%2Fwp%2Fv2%2Fcomments&post=2436"}],"version-history":[{"count":0,"href":"https:\/\/www.frelimo.org.mz\/index.php?rest_route=\/wp\/v2\/posts\/2436\/revisions"}],"wp:attachment":[{"href":"https:\/\/www.frelimo.org.mz\/index.php?rest_route=%2Fwp%2Fv2%2Fmedia&parent=2436"}],"wp:term":[{"taxonomy":"category","embeddable":true,"href":"https:\/\/www.frelimo.org.mz\/index.php?rest_route=%2Fwp%2Fv2%2Fcategories&post=2436"},{"taxonomy":"post_tag","embeddable":true,"href":"https:\/\/www.frelimo.org.mz\/index.php?rest_route=%2Fwp%2Fv2%2Ftags&post=2436"}],"curies":[{"name":"wp","href":"https:\/\/api.w.org\/{rel}","templated":true}]}}