{"id":2432,"date":"2018-05-16T22:00:00","date_gmt":"2018-05-16T22:00:00","guid":{"rendered":"https:\/\/www.frelimo.org.mz\/?p=2432"},"modified":"2018-05-16T22:00:00","modified_gmt":"2018-05-16T22:00:00","slug":"pr-sauda-prm-pelo-43-aniversario","status":"publish","type":"post","link":"https:\/\/www.frelimo.org.mz\/?p=2432","title":{"rendered":"PR sa\u00fada PRM pelo 43\u00ba anivers\u00e1rio"},"content":{"rendered":"<p>O Presidente da Rep\u00fablica, Filipe Nyusi, recebe, amanh\u00e3, \u00e0s 09h, no Pal\u00e1cio da Ponta Vermelha, os membros do Comando Geral da Pol\u00edcia da Rep\u00fablica para uma sauda\u00e7\u00e3o ao Comandante-Chefe das For\u00e7as de Defesa e Seguran\u00e7a, por ocasi\u00e3o do 43\u00ba anivers\u00e1rio da corpora\u00e7\u00e3o.<\/p>\n<p><!--more--><\/p>\n<p>&nbsp;<\/p>\n<p>\u00c0s 10 horas, no mesmo local, o Chefe do Estado confere posse a Jo\u00e3o Machatine, nomeado para o cargo de Ministro das Obras P\u00fablicas, Habita\u00e7\u00e3o e Recursos H\u00eddricos.<\/p>\n<p>Ainda amanh\u00e3, pelas 13h, no Gabinete da Presid\u00eancia da Rep\u00fablica, Nyusi vai receber o seu hom\u00f3logo da Rep\u00fablica do Uganda, Yoweri Kaguta Museveni, para Conversa\u00e7\u00f5es Oficiais, no \u00e2mbito da Visita de Estado de tr\u00eas dias.<\/p>\n<p>A visita do Chefe do Estado ugand\u00eas a Mo\u00e7ambique tem por objectivo refor\u00e7ar e consolidar as rela\u00e7\u00f5es hist\u00f3ricas de amizade, solidariedade e coopera\u00e7\u00e3o existentes entre os dois povos e pa\u00edses, bem como perspectivar ac\u00e7\u00f5es para um interc\u00e2mbio mais prof\u00edcuo, sobretudo no dom\u00ednio econ\u00f3mico-empresarial.<\/p>\n<p>Nesta vista, o Presidente Yoweri Museveni far-se-\u00e1 acompanhar por uma importante delega\u00e7\u00e3o do seu Governo.<\/p>\n","protected":false},"excerpt":{"rendered":"<p>O Presidente da Rep\u00fablica, Filipe Nyusi, recebe, amanh\u00e3, \u00e0s 09h, no Pal\u00e1cio da Ponta Vermelha, os membros do Comando Geral da Pol\u00edcia da Rep\u00fablica para uma sauda\u00e7\u00e3o ao Comandante-Chefe das For\u00e7as de Defesa e Seguran\u00e7a, por ocasi\u00e3o do 43\u00ba anivers\u00e1rio da corpora\u00e7\u00e3o. &nbsp; \u00c0s 10 horas, no mesmo local, o Chefe do Estado confere posse &hellip;<\/p>\n","protected":false},"author":1,"featured_media":0,"comment_status":"open","ping_status":"open","sticky":false,"template":"","format":"standard","meta":{"_jetpack_memberships_contains_paid_content":false,"footnotes":""},"categories":[4],"tags":[],"class_list":["post-2432","post","type-post","status-publish","format-standard","hentry","category-outras"],"jetpack_featured_media_url":"","jetpack_sharing_enabled":true,"_links":{"self":[{"href":"https:\/\/www.frelimo.org.mz\/index.php?rest_route=\/wp\/v2\/posts\/2432","targetHints":{"allow":["GET"]}}],"collection":[{"href":"https:\/\/www.frelimo.org.mz\/index.php?rest_route=\/wp\/v2\/posts"}],"about":[{"href":"https:\/\/www.frelimo.org.mz\/index.php?rest_route=\/wp\/v2\/types\/post"}],"author":[{"embeddable":true,"href":"https:\/\/www.frelimo.org.mz\/index.php?rest_route=\/wp\/v2\/users\/1"}],"replies":[{"embeddable":true,"href":"https:\/\/www.frelimo.org.mz\/index.php?rest_route=%2Fwp%2Fv2%2Fcomments&post=2432"}],"version-history":[{"count":0,"href":"https:\/\/www.frelimo.org.mz\/index.php?rest_route=\/wp\/v2\/posts\/2432\/revisions"}],"wp:attachment":[{"href":"https:\/\/www.frelimo.org.mz\/index.php?rest_route=%2Fwp%2Fv2%2Fmedia&parent=2432"}],"wp:term":[{"taxonomy":"category","embeddable":true,"href":"https:\/\/www.frelimo.org.mz\/index.php?rest_route=%2Fwp%2Fv2%2Fcategories&post=2432"},{"taxonomy":"post_tag","embeddable":true,"href":"https:\/\/www.frelimo.org.mz\/index.php?rest_route=%2Fwp%2Fv2%2Ftags&post=2432"}],"curies":[{"name":"wp","href":"https:\/\/api.w.org\/{rel}","templated":true}]}}