{"id":2420,"date":"2018-05-09T10:07:05","date_gmt":"2018-05-09T10:07:05","guid":{"rendered":"https:\/\/www.frelimo.org.mz\/?p=2420"},"modified":"2018-05-09T10:07:05","modified_gmt":"2018-05-09T10:07:05","slug":"nyusi-participa-no-funeral-de-afonso-dhlakama","status":"publish","type":"post","link":"https:\/\/www.frelimo.org.mz\/?p=2420","title":{"rendered":"Nyusi participa no funeral de Afonso Dhlakama"},"content":{"rendered":"<p><span style=\"color: #1d2129; font-family: Helvetica, Arial, sans-serif; font-size: 14px;\">O Presidente da Rep\u00fablica, Filipe Nyusi orienta esta manh\u00e3, as cerim\u00f3nias f\u00fanebres do l\u00edder da Renamo, Afonso Dhlakama.<\/span><br style=\"color: #1d2129; font-family: Helvetica, Arial, sans-serif; font-size: 14px;\" \/><span style=\"color: #1d2129; font-family: Helvetica, Arial, sans-serif; font-size: 14px;\">As cerim\u00f3nias decorrem, neste momento, no largo dos CFM, na cidade da Beira e contam com a participa\u00e7\u00e3o de v\u00e1rios quadros de rena pol\u00edtica, econ\u00f3mico e social.<\/span><\/p>\n","protected":false},"excerpt":{"rendered":"<p>O Presidente da Rep\u00fablica, Filipe Nyusi orienta esta manh\u00e3, as cerim\u00f3nias f\u00fanebres do l\u00edder da Renamo, Afonso Dhlakama.As cerim\u00f3nias decorrem, neste momento, no largo dos CFM, na cidade da Beira e contam com a participa\u00e7\u00e3o de v\u00e1rios quadros de rena pol\u00edtica, econ\u00f3mico e social.<\/p>\n","protected":false},"author":1,"featured_media":0,"comment_status":"open","ping_status":"open","sticky":false,"template":"","format":"standard","meta":{"_jetpack_memberships_contains_paid_content":false,"footnotes":""},"categories":[4],"tags":[],"class_list":["post-2420","post","type-post","status-publish","format-standard","hentry","category-outras"],"jetpack_featured_media_url":"","jetpack_sharing_enabled":true,"_links":{"self":[{"href":"https:\/\/www.frelimo.org.mz\/index.php?rest_route=\/wp\/v2\/posts\/2420","targetHints":{"allow":["GET"]}}],"collection":[{"href":"https:\/\/www.frelimo.org.mz\/index.php?rest_route=\/wp\/v2\/posts"}],"about":[{"href":"https:\/\/www.frelimo.org.mz\/index.php?rest_route=\/wp\/v2\/types\/post"}],"author":[{"embeddable":true,"href":"https:\/\/www.frelimo.org.mz\/index.php?rest_route=\/wp\/v2\/users\/1"}],"replies":[{"embeddable":true,"href":"https:\/\/www.frelimo.org.mz\/index.php?rest_route=%2Fwp%2Fv2%2Fcomments&post=2420"}],"version-history":[{"count":0,"href":"https:\/\/www.frelimo.org.mz\/index.php?rest_route=\/wp\/v2\/posts\/2420\/revisions"}],"wp:attachment":[{"href":"https:\/\/www.frelimo.org.mz\/index.php?rest_route=%2Fwp%2Fv2%2Fmedia&parent=2420"}],"wp:term":[{"taxonomy":"category","embeddable":true,"href":"https:\/\/www.frelimo.org.mz\/index.php?rest_route=%2Fwp%2Fv2%2Fcategories&post=2420"},{"taxonomy":"post_tag","embeddable":true,"href":"https:\/\/www.frelimo.org.mz\/index.php?rest_route=%2Fwp%2Fv2%2Ftags&post=2420"}],"curies":[{"name":"wp","href":"https:\/\/api.w.org\/{rel}","templated":true}]}}