{"id":2398,"date":"2018-04-26T22:00:00","date_gmt":"2018-04-26T22:00:00","guid":{"rendered":"https:\/\/www.frelimo.org.mz\/?p=2398"},"modified":"2018-04-26T22:00:00","modified_gmt":"2018-04-26T22:00:00","slug":"nyusi-trabalha-em-intaka","status":"publish","type":"post","link":"https:\/\/www.frelimo.org.mz\/?p=2398","title":{"rendered":"Nyusi trabalha em Intaka"},"content":{"rendered":"<p style=\"margin: 0px 0px 6px; font-family: Helvetica, Arial, sans-serif; color: #1d2129; font-size: 14px;\">Foi muito bom ter interagido com a comunidade de Intaka. Dentre v\u00e1rios aspectos que tratamos na interac\u00e7\u00e3o com os matolenses, destaquei o exerc\u00edcio que est\u00e1 a ser feito, nos \u00faltimos 3 anos, para garantir que todos os funcion\u00e1rios p\u00fablicos tenham sal\u00e1rios em dia.<\/p>\n<p><!--more--><\/p>\n<p style=\"margin: 0px 0px 6px; font-family: Helvetica, Arial, sans-serif; color: #1d2129; font-size: 14px;\">&nbsp;<\/p>\n<p style=\"margin: 6px 0px; font-family: Helvetica, Arial, sans-serif; color: #1d2129; font-size: 14px;\">O aumento este ano, que estamos cientes de que o povo esperava mais, foi feito de forma respons\u00e1vel para acomodar, primeiro a pr\u00f3pria continuidade de pagamento de sal\u00e1rios da fun\u00e7\u00e3o p\u00fablica e garantir a retoma dos actos Administrativos dos funcion\u00e1rios, a saber: promo\u00e7\u00f5es e progress\u00f5es.<\/p>\n<p style=\"margin: 6px 0px 0px; display: inline; font-family: Helvetica, Arial, sans-serif; color: #1d2129; font-size: 14px;\">Apelo aos meus compatriotas que nos concentremos em continuar a produzir para que consigamos reduzir o custo de vida. Se produzirmos o suficiente reduziremos as importa\u00e7\u00f5es e o custo da comida o que nos possibilitar\u00e1 fazer alguma poupan\u00e7a.<\/p>\n","protected":false},"excerpt":{"rendered":"<p>Foi muito bom ter interagido com a comunidade de Intaka. Dentre v\u00e1rios aspectos que tratamos na interac\u00e7\u00e3o com os matolenses, destaquei o exerc\u00edcio que est\u00e1 a ser feito, nos \u00faltimos 3 anos, para garantir que todos os funcion\u00e1rios p\u00fablicos tenham sal\u00e1rios em dia. &nbsp; O aumento este ano, que estamos cientes de que o povo &hellip;<\/p>\n","protected":false},"author":1,"featured_media":0,"comment_status":"open","ping_status":"open","sticky":false,"template":"","format":"standard","meta":{"_jetpack_memberships_contains_paid_content":false,"footnotes":""},"categories":[4],"tags":[],"class_list":["post-2398","post","type-post","status-publish","format-standard","hentry","category-outras"],"jetpack_featured_media_url":"","jetpack_sharing_enabled":true,"_links":{"self":[{"href":"https:\/\/www.frelimo.org.mz\/index.php?rest_route=\/wp\/v2\/posts\/2398","targetHints":{"allow":["GET"]}}],"collection":[{"href":"https:\/\/www.frelimo.org.mz\/index.php?rest_route=\/wp\/v2\/posts"}],"about":[{"href":"https:\/\/www.frelimo.org.mz\/index.php?rest_route=\/wp\/v2\/types\/post"}],"author":[{"embeddable":true,"href":"https:\/\/www.frelimo.org.mz\/index.php?rest_route=\/wp\/v2\/users\/1"}],"replies":[{"embeddable":true,"href":"https:\/\/www.frelimo.org.mz\/index.php?rest_route=%2Fwp%2Fv2%2Fcomments&post=2398"}],"version-history":[{"count":0,"href":"https:\/\/www.frelimo.org.mz\/index.php?rest_route=\/wp\/v2\/posts\/2398\/revisions"}],"wp:attachment":[{"href":"https:\/\/www.frelimo.org.mz\/index.php?rest_route=%2Fwp%2Fv2%2Fmedia&parent=2398"}],"wp:term":[{"taxonomy":"category","embeddable":true,"href":"https:\/\/www.frelimo.org.mz\/index.php?rest_route=%2Fwp%2Fv2%2Fcategories&post=2398"},{"taxonomy":"post_tag","embeddable":true,"href":"https:\/\/www.frelimo.org.mz\/index.php?rest_route=%2Fwp%2Fv2%2Ftags&post=2398"}],"curies":[{"name":"wp","href":"https:\/\/api.w.org\/{rel}","templated":true}]}}