{"id":2395,"date":"2018-04-24T22:00:00","date_gmt":"2018-04-24T22:00:00","guid":{"rendered":"https:\/\/www.frelimo.org.mz\/?p=2395"},"modified":"2018-04-24T22:00:00","modified_gmt":"2018-04-24T22:00:00","slug":"soico-reune-se-com-partido-frelimo","status":"publish","type":"post","link":"https:\/\/www.frelimo.org.mz\/?p=2395","title":{"rendered":"Soico re\u00fane-se com partido Frelimo"},"content":{"rendered":"<p>A dire\u00e7\u00e3o do Grupo Soico manteve, hoje, um encontro com o secret\u00e1rio-geral da Frelimo, numa reuni\u00e3o que durou pouco mais de uma hora. No encontro, a direc\u00e7\u00e3o da Soico e Roque Silva trocaram informa\u00e7\u00f5es sobre o funcionamento das duas institui\u00e7\u00f5es.<\/p>\n<p><!--more--><\/p>\n<p>&nbsp;<\/p>\n<p>O secret\u00e1rio-geral Frelimo destacou a import\u00e2ncia do encontro e defendeu a necessidade de colabora\u00e7\u00e3o dos partidos pol\u00edticos com a imprensa para a consolida\u00e7\u00e3o do Estado de Direito e Democr\u00e1tico.<\/p>\n<p>Por sua vez, o PCA do Grupo Soico, Daniel David, disse que o encontro serviu para colocar o partido Frelimo a par da agenda da Soico na constru\u00e7\u00e3o de um pa\u00eds informado.&nbsp; A delega\u00e7\u00e3o da Soico era composta, al\u00e9m do PCA, pelos administradores Jeremias Langa e Ol\u00edvia Massango. Recorde-se que este encontro acontece cerca de uma semana depois da delega\u00e7\u00e3o da Soico ter mantido encontro com a direc\u00e7\u00e3o da bancada parlamentar da Frelimo.<\/p>\n","protected":false},"excerpt":{"rendered":"<p>A dire\u00e7\u00e3o do Grupo Soico manteve, hoje, um encontro com o secret\u00e1rio-geral da Frelimo, numa reuni\u00e3o que durou pouco mais de uma hora. No encontro, a direc\u00e7\u00e3o da Soico e Roque Silva trocaram informa\u00e7\u00f5es sobre o funcionamento das duas institui\u00e7\u00f5es. &nbsp; O secret\u00e1rio-geral Frelimo destacou a import\u00e2ncia do encontro e defendeu a necessidade de colabora\u00e7\u00e3o &hellip;<\/p>\n","protected":false},"author":1,"featured_media":0,"comment_status":"open","ping_status":"open","sticky":false,"template":"","format":"standard","meta":{"_jetpack_memberships_contains_paid_content":false,"footnotes":""},"categories":[4],"tags":[],"class_list":["post-2395","post","type-post","status-publish","format-standard","hentry","category-outras"],"jetpack_featured_media_url":"","jetpack_sharing_enabled":true,"_links":{"self":[{"href":"https:\/\/www.frelimo.org.mz\/index.php?rest_route=\/wp\/v2\/posts\/2395","targetHints":{"allow":["GET"]}}],"collection":[{"href":"https:\/\/www.frelimo.org.mz\/index.php?rest_route=\/wp\/v2\/posts"}],"about":[{"href":"https:\/\/www.frelimo.org.mz\/index.php?rest_route=\/wp\/v2\/types\/post"}],"author":[{"embeddable":true,"href":"https:\/\/www.frelimo.org.mz\/index.php?rest_route=\/wp\/v2\/users\/1"}],"replies":[{"embeddable":true,"href":"https:\/\/www.frelimo.org.mz\/index.php?rest_route=%2Fwp%2Fv2%2Fcomments&post=2395"}],"version-history":[{"count":0,"href":"https:\/\/www.frelimo.org.mz\/index.php?rest_route=\/wp\/v2\/posts\/2395\/revisions"}],"wp:attachment":[{"href":"https:\/\/www.frelimo.org.mz\/index.php?rest_route=%2Fwp%2Fv2%2Fmedia&parent=2395"}],"wp:term":[{"taxonomy":"category","embeddable":true,"href":"https:\/\/www.frelimo.org.mz\/index.php?rest_route=%2Fwp%2Fv2%2Fcategories&post=2395"},{"taxonomy":"post_tag","embeddable":true,"href":"https:\/\/www.frelimo.org.mz\/index.php?rest_route=%2Fwp%2Fv2%2Ftags&post=2395"}],"curies":[{"name":"wp","href":"https:\/\/api.w.org\/{rel}","templated":true}]}}