{"id":2390,"date":"2018-04-19T22:00:00","date_gmt":"2018-04-19T22:00:00","guid":{"rendered":"https:\/\/www.frelimo.org.mz\/?p=2390"},"modified":"2018-04-19T22:00:00","modified_gmt":"2018-04-19T22:00:00","slug":"na-provincia-de-sofala-foi-esta-sexta-oficialmente-constituido-o-gabinete-provincial-de-preparacao-das-eleicoes-autarquicas","status":"publish","type":"post","link":"https:\/\/www.frelimo.org.mz\/?p=2390","title":{"rendered":"Na provincia de sofala foi esta sexta  oficialmente constituido o gabinete provincial de prepara\u00e7\u00e3o das elei\u00e7\u00f5es aut\u00e1rquicas"},"content":{"rendered":"<p>O acto foi dirigido pelo Membro da Comiss\u00e3o Politica e Chefe da Brigada Central o Camarada Eneas da Concei\u00e7\u00e3o Comiche.<\/p>\n<p>Comiche disse na ocasiao que a principal tarefa do gabinete eleitoral e de organizar e coordenar todo o processo de modo que a FRELIMO e seus<\/p>\n<p><!--more--><\/p>\n<p>candidatos saiam vencedores em todas as autarquias.<\/p>\n<p>Este s\u00e1bado ser\u00e3o oficializados os gabinetes ao nivel das autarquias sendo que para o efeito as brigadas j\u00e1 est\u00e3o a caminho e outras j\u00e1 est\u00e3o posicionadas para poderem oficializar os gabinetes.<\/p>\n<p>As imagens ilustram momentos da oficilizacao do gabinete provincial de Sofala<\/p>\n","protected":false},"excerpt":{"rendered":"<p>O acto foi dirigido pelo Membro da Comiss\u00e3o Politica e Chefe da Brigada Central o Camarada Eneas da Concei\u00e7\u00e3o Comiche. Comiche disse na ocasiao que a principal tarefa do gabinete eleitoral e de organizar e coordenar todo o processo de modo que a FRELIMO e seus candidatos saiam vencedores em todas as autarquias. Este s\u00e1bado &hellip;<\/p>\n","protected":false},"author":1,"featured_media":0,"comment_status":"open","ping_status":"open","sticky":false,"template":"","format":"standard","meta":{"_jetpack_memberships_contains_paid_content":false,"footnotes":""},"categories":[4],"tags":[],"class_list":["post-2390","post","type-post","status-publish","format-standard","hentry","category-outras"],"jetpack_featured_media_url":"","jetpack_sharing_enabled":true,"_links":{"self":[{"href":"https:\/\/www.frelimo.org.mz\/index.php?rest_route=\/wp\/v2\/posts\/2390","targetHints":{"allow":["GET"]}}],"collection":[{"href":"https:\/\/www.frelimo.org.mz\/index.php?rest_route=\/wp\/v2\/posts"}],"about":[{"href":"https:\/\/www.frelimo.org.mz\/index.php?rest_route=\/wp\/v2\/types\/post"}],"author":[{"embeddable":true,"href":"https:\/\/www.frelimo.org.mz\/index.php?rest_route=\/wp\/v2\/users\/1"}],"replies":[{"embeddable":true,"href":"https:\/\/www.frelimo.org.mz\/index.php?rest_route=%2Fwp%2Fv2%2Fcomments&post=2390"}],"version-history":[{"count":0,"href":"https:\/\/www.frelimo.org.mz\/index.php?rest_route=\/wp\/v2\/posts\/2390\/revisions"}],"wp:attachment":[{"href":"https:\/\/www.frelimo.org.mz\/index.php?rest_route=%2Fwp%2Fv2%2Fmedia&parent=2390"}],"wp:term":[{"taxonomy":"category","embeddable":true,"href":"https:\/\/www.frelimo.org.mz\/index.php?rest_route=%2Fwp%2Fv2%2Fcategories&post=2390"},{"taxonomy":"post_tag","embeddable":true,"href":"https:\/\/www.frelimo.org.mz\/index.php?rest_route=%2Fwp%2Fv2%2Ftags&post=2390"}],"curies":[{"name":"wp","href":"https:\/\/api.w.org\/{rel}","templated":true}]}}