{"id":2386,"date":"2018-04-23T08:23:28","date_gmt":"2018-04-23T08:23:28","guid":{"rendered":"https:\/\/www.frelimo.org.mz\/?p=2386"},"modified":"2018-04-23T08:23:28","modified_gmt":"2018-04-23T08:23:28","slug":"cyril-ramaphosa-felicitou-pessoalmente-a-delegacao-de-mocambique","status":"publish","type":"post","link":"https:\/\/www.frelimo.org.mz\/?p=2386","title":{"rendered":"Cyril Ramaphosa felicitou pessoalmente a delega\u00e7\u00e3o de Mo\u00e7ambique"},"content":{"rendered":"<p>Presidente&nbsp; Sul Africano Cyril. Ramaphosa felicitou pessoalmente a delega\u00e7\u00e3o de Mo\u00e7ambique pelo sucessos alcan\u00e7ados na assembleia geral do conselho da juventude da commonwealth onde Mo\u00e7ambique passa a fazer parte para o per\u00edodo 2018-2020 e desejou que a juventude Mo\u00e7ambicana e Sul Africana trabalhem cada vez mais embaidas&nbsp; no esp\u00edrito de uni\u00e3o e fraternidade.<\/p>\n","protected":false},"excerpt":{"rendered":"<p>Presidente&nbsp; Sul Africano Cyril. Ramaphosa felicitou pessoalmente a delega\u00e7\u00e3o de Mo\u00e7ambique pelo sucessos alcan\u00e7ados na assembleia geral do conselho da juventude da commonwealth onde Mo\u00e7ambique passa a fazer parte para o per\u00edodo 2018-2020 e desejou que a juventude Mo\u00e7ambicana e Sul Africana trabalhem cada vez mais embaidas&nbsp; no esp\u00edrito de uni\u00e3o e fraternidade.<\/p>\n","protected":false},"author":1,"featured_media":0,"comment_status":"open","ping_status":"open","sticky":false,"template":"","format":"standard","meta":{"_jetpack_memberships_contains_paid_content":false,"footnotes":""},"categories":[4],"tags":[],"class_list":["post-2386","post","type-post","status-publish","format-standard","hentry","category-outras"],"jetpack_featured_media_url":"","jetpack_sharing_enabled":true,"_links":{"self":[{"href":"https:\/\/www.frelimo.org.mz\/index.php?rest_route=\/wp\/v2\/posts\/2386","targetHints":{"allow":["GET"]}}],"collection":[{"href":"https:\/\/www.frelimo.org.mz\/index.php?rest_route=\/wp\/v2\/posts"}],"about":[{"href":"https:\/\/www.frelimo.org.mz\/index.php?rest_route=\/wp\/v2\/types\/post"}],"author":[{"embeddable":true,"href":"https:\/\/www.frelimo.org.mz\/index.php?rest_route=\/wp\/v2\/users\/1"}],"replies":[{"embeddable":true,"href":"https:\/\/www.frelimo.org.mz\/index.php?rest_route=%2Fwp%2Fv2%2Fcomments&post=2386"}],"version-history":[{"count":0,"href":"https:\/\/www.frelimo.org.mz\/index.php?rest_route=\/wp\/v2\/posts\/2386\/revisions"}],"wp:attachment":[{"href":"https:\/\/www.frelimo.org.mz\/index.php?rest_route=%2Fwp%2Fv2%2Fmedia&parent=2386"}],"wp:term":[{"taxonomy":"category","embeddable":true,"href":"https:\/\/www.frelimo.org.mz\/index.php?rest_route=%2Fwp%2Fv2%2Fcategories&post=2386"},{"taxonomy":"post_tag","embeddable":true,"href":"https:\/\/www.frelimo.org.mz\/index.php?rest_route=%2Fwp%2Fv2%2Ftags&post=2386"}],"curies":[{"name":"wp","href":"https:\/\/api.w.org\/{rel}","templated":true}]}}