{"id":2378,"date":"2018-04-16T18:29:09","date_gmt":"2018-04-16T18:29:09","guid":{"rendered":"https:\/\/www.frelimo.org.mz\/?p=2378"},"modified":"2018-04-16T18:29:09","modified_gmt":"2018-04-16T18:29:09","slug":"frelimo-afina-maquina-rumo-aos-proximos-pleitos-eleitorais","status":"publish","type":"post","link":"https:\/\/www.frelimo.org.mz\/?p=2378","title":{"rendered":"FRELIMO AFINA MAQUINA RUMO AOS PR\u00d3XIMOS PLEITOS ELEITORAIS"},"content":{"rendered":"<p>O Secret\u00e1rio do Comit\u00ea Central para Assuntos Parlamentares, Aut\u00e1rquicos e Forma\u00e7\u00e3o de Quadros e Chefe Adjunto da Brigada Central de Assist\u00eancia a Prov\u00edncia de Inhambane Francisco Mucanheia, afirmou na tarde desta segunda-feira, no quadro do balan\u00e7o dos trabalhos da Brigada Central que a<\/p>\n<p><!--more--><\/p>\n<p>FRELIMO est\u00e1 a se preparar a todos n\u00edveis para enfrentar os pr\u00f3ximos pleitos eleitorais de 2018 e 2019 respectivamente.<\/p>\n<p>Segundo Mucanheia, a FRELIMO encontra-se neste preciso momento nas prov\u00edncias com vista a cria\u00e7\u00e3o e oficializa\u00e7\u00e3o dos Gabinetes Provinciais e Distritais de Prepara\u00e7\u00e3o das elei\u00e7\u00f5es.<\/p>\n<p>&#8220;Para aliar aos trabalhos que estamos a levar a cabo ao n\u00edvel do pa\u00eds, de cria\u00e7\u00e3o e oficializa\u00e7\u00e3o dos Gabinetes Provinciais e Distritais de Prepara\u00e7\u00e3o das elei\u00e7\u00f5es, n\u00f3s a FRELIMO, apelamos a todos residentes nos distritos municipalizados com idade eleitoral para acorrerem nos postos de recenseamento com a finalidade de obter o seu cart\u00e3o de eleitor para que no dia 10 de Outubro exer\u00e7am o seu dever de eleger ou ser eleito&#8221;, apelou Mucanheia.<\/p>\n<p>Num outro desenvolvimento, Francisco Mucanheia, referiu que a situa\u00e7\u00e3o pol\u00edtica na Prov\u00edncia de Inhambane \u00e9 boa, \u00e9 not\u00f3rio o trabalho do Governo da FRELIMO a todos n\u00edveis rumo ao desenvolvimento socio-econ\u00f3mico desta parcela do pa\u00eds.<\/p>\n","protected":false},"excerpt":{"rendered":"<p>O Secret\u00e1rio do Comit\u00ea Central para Assuntos Parlamentares, Aut\u00e1rquicos e Forma\u00e7\u00e3o de Quadros e Chefe Adjunto da Brigada Central de Assist\u00eancia a Prov\u00edncia de Inhambane Francisco Mucanheia, afirmou na tarde desta segunda-feira, no quadro do balan\u00e7o dos trabalhos da Brigada Central que a FRELIMO est\u00e1 a se preparar a todos n\u00edveis para enfrentar os pr\u00f3ximos &hellip;<\/p>\n","protected":false},"author":1,"featured_media":0,"comment_status":"open","ping_status":"open","sticky":false,"template":"","format":"standard","meta":{"_jetpack_memberships_contains_paid_content":false,"footnotes":""},"categories":[4],"tags":[],"class_list":["post-2378","post","type-post","status-publish","format-standard","hentry","category-outras"],"jetpack_featured_media_url":"","jetpack_sharing_enabled":true,"_links":{"self":[{"href":"https:\/\/www.frelimo.org.mz\/index.php?rest_route=\/wp\/v2\/posts\/2378","targetHints":{"allow":["GET"]}}],"collection":[{"href":"https:\/\/www.frelimo.org.mz\/index.php?rest_route=\/wp\/v2\/posts"}],"about":[{"href":"https:\/\/www.frelimo.org.mz\/index.php?rest_route=\/wp\/v2\/types\/post"}],"author":[{"embeddable":true,"href":"https:\/\/www.frelimo.org.mz\/index.php?rest_route=\/wp\/v2\/users\/1"}],"replies":[{"embeddable":true,"href":"https:\/\/www.frelimo.org.mz\/index.php?rest_route=%2Fwp%2Fv2%2Fcomments&post=2378"}],"version-history":[{"count":0,"href":"https:\/\/www.frelimo.org.mz\/index.php?rest_route=\/wp\/v2\/posts\/2378\/revisions"}],"wp:attachment":[{"href":"https:\/\/www.frelimo.org.mz\/index.php?rest_route=%2Fwp%2Fv2%2Fmedia&parent=2378"}],"wp:term":[{"taxonomy":"category","embeddable":true,"href":"https:\/\/www.frelimo.org.mz\/index.php?rest_route=%2Fwp%2Fv2%2Fcategories&post=2378"},{"taxonomy":"post_tag","embeddable":true,"href":"https:\/\/www.frelimo.org.mz\/index.php?rest_route=%2Fwp%2Fv2%2Ftags&post=2378"}],"curies":[{"name":"wp","href":"https:\/\/api.w.org\/{rel}","templated":true}]}}