{"id":2319,"date":"2018-03-19T22:00:00","date_gmt":"2018-03-19T22:00:00","guid":{"rendered":"https:\/\/www.frelimo.org.mz\/?p=2319"},"modified":"2018-03-19T22:00:00","modified_gmt":"2018-03-19T22:00:00","slug":"secretario-geral-da-frelimo-recensea-se-na-escola-secundaria-da-polana","status":"publish","type":"post","link":"https:\/\/www.frelimo.org.mz\/?p=2319","title":{"rendered":"SECRET\u00c1RIO GERAL DA FRELIMO RECENSEA-SE NA ESCOLA SECUND\u00c1RIA DA POLANA"},"content":{"rendered":"<p style=\"text-align: justify;\"><span style=\"font-size: 18pt; line-height: 115%; font-family: Tahoma, sans-serif;\">O Secret\u00e1rio Geral da FRELIMO, Roque Silva Samuel, ir\u00e1 proceder hoje, 19 de Marco de 2018, o registo eleitoral, no cumprimento do seu dever de cidad\u00e3o.<\/span><\/p>\n<p><!--more--><\/p>\n<p style=\"text-align: justify;\"><span style=\"font-size: 18pt; line-height: 115%; font-family: Tahoma, sans-serif;\"><\/span><\/p>\n<p style=\"text-align: justify;\"><span style=\"font-size: 18pt; line-height: 115%; font-family: Tahoma, sans-serif;\">O acto, a ter lugar pelas <strong>11h30<\/strong>, no Posto de Recenseamento Eleitoral localizado na <strong>Escola Secund\u00e1ria da Polana, <\/strong>em Maputo, insere-se no \u00e2mbito do Recenseamento Eleitoral em todo o Pa\u00eds, de 19 de Marco a 17 de Maio de 2018, nos 53 distritos com autarquias locais.<\/span><\/p>\n<p><span style=\"font-size: 18pt; line-height: 115%; font-family: Tahoma, sans-serif;\">O Gabinete de imprensa convida o \u00f3rg\u00e3o de informa\u00e7\u00e3o que representa a fazer a cobertura jornal\u00edsticas do evento.<\/span><\/p>\n<p style=\"text-align: center;\" align=\"center\"><strong><span style=\"font-size: 18pt; font-family: Tahoma, sans-serif;\">UNIDADE,<\/span><\/strong><\/p>\n<p style=\"text-align: center;\" align=\"center\"><strong><span style=\"font-size: 18pt; font-family: Tahoma, sans-serif;\">PAZ E DESENVOLVIMENTO<\/span><\/strong><\/p>\n<p style=\"text-align: center;\" align=\"center\"><strong><span style=\"font-size: 18pt; font-family: Tahoma, sans-serif;\">FRELIMO, A FOR\u00c7A DA MUDAN\u00c7A!<\/span><\/strong><\/p>\n<p style=\"text-align: center;\" align=\"center\"><span style=\"font-size: 18pt; font-family: Tahoma, sans-serif;\">Maputo, aos 19 de Mar\u00e7o de 2018<\/span><\/p>\n","protected":false},"excerpt":{"rendered":"<p>O Secret\u00e1rio Geral da FRELIMO, Roque Silva Samuel, ir\u00e1 proceder hoje, 19 de Marco de 2018, o registo eleitoral, no cumprimento do seu dever de cidad\u00e3o. O acto, a ter lugar pelas 11h30, no Posto de Recenseamento Eleitoral localizado na Escola Secund\u00e1ria da Polana, em Maputo, insere-se no \u00e2mbito do Recenseamento Eleitoral em todo o &hellip;<\/p>\n","protected":false},"author":1,"featured_media":0,"comment_status":"open","ping_status":"open","sticky":false,"template":"","format":"standard","meta":{"_jetpack_memberships_contains_paid_content":false,"footnotes":""},"categories":[4],"tags":[],"class_list":["post-2319","post","type-post","status-publish","format-standard","hentry","category-outras"],"jetpack_featured_media_url":"","jetpack_sharing_enabled":true,"_links":{"self":[{"href":"https:\/\/www.frelimo.org.mz\/index.php?rest_route=\/wp\/v2\/posts\/2319","targetHints":{"allow":["GET"]}}],"collection":[{"href":"https:\/\/www.frelimo.org.mz\/index.php?rest_route=\/wp\/v2\/posts"}],"about":[{"href":"https:\/\/www.frelimo.org.mz\/index.php?rest_route=\/wp\/v2\/types\/post"}],"author":[{"embeddable":true,"href":"https:\/\/www.frelimo.org.mz\/index.php?rest_route=\/wp\/v2\/users\/1"}],"replies":[{"embeddable":true,"href":"https:\/\/www.frelimo.org.mz\/index.php?rest_route=%2Fwp%2Fv2%2Fcomments&post=2319"}],"version-history":[{"count":0,"href":"https:\/\/www.frelimo.org.mz\/index.php?rest_route=\/wp\/v2\/posts\/2319\/revisions"}],"wp:attachment":[{"href":"https:\/\/www.frelimo.org.mz\/index.php?rest_route=%2Fwp%2Fv2%2Fmedia&parent=2319"}],"wp:term":[{"taxonomy":"category","embeddable":true,"href":"https:\/\/www.frelimo.org.mz\/index.php?rest_route=%2Fwp%2Fv2%2Fcategories&post=2319"},{"taxonomy":"post_tag","embeddable":true,"href":"https:\/\/www.frelimo.org.mz\/index.php?rest_route=%2Fwp%2Fv2%2Ftags&post=2319"}],"curies":[{"name":"wp","href":"https:\/\/api.w.org\/{rel}","templated":true}]}}