{"id":2317,"date":"2018-03-19T09:21:11","date_gmt":"2018-03-19T09:21:11","guid":{"rendered":"https:\/\/www.frelimo.org.mz\/?p=2317"},"modified":"2018-03-19T09:21:11","modified_gmt":"2018-03-19T09:21:11","slug":"veteranos-denunciam-infiltrados-e-pedem-purificacao-de-fileiras-na-frelimo","status":"publish","type":"post","link":"https:\/\/www.frelimo.org.mz\/?p=2317","title":{"rendered":"VETERANOS DENUNCIAM INFILTRADOS E PEDEM PURIFICA\u00c7\u00c3O DE FILEIRAS NA FRELIMO"},"content":{"rendered":"<p>\u201cCamaradas usam da esperteza e n\u00e3o a milit\u00e2ncia&#8221;, disse Fernando Faustino.<\/p>\n<p>A Associa\u00e7\u00e3o dos Combatentes de Luta de Liberta\u00e7\u00e3o Nacional lan\u00e7ou duras cr\u00edticas ao est\u00e1gio actual do partido FRELIMO.<\/p>\n<p><!--more--><\/p>\n<p>&nbsp;<\/p>\n<p>Veteranos denunciam infiltrados e pedem purifica\u00e7\u00e3o de fileiras na FRELIMO.<\/p>\n<p>Ao intervir na abertura da reuni\u00e3o do Comit\u00e9 Central da FRELIMO, nesta sexta-feira, 26, a ala mais dura do Partido denunciou oportunismos de alguns \u201cCamaradas\u201d e defendeu a purifica\u00e7\u00e3o das fileiras.<\/p>\n<p>\u201cPara alguns na FRELIMO, fazer pol\u00edtica significa procurar posi\u00e7\u00f5es ao n\u00edvel do Governo, Parlamento, assembleias provinciais e favoritismos nos neg\u00f3cios do Estado\u201d, criticou Fernando Faustino, Secret\u00e1rio geral da ACLLIN, acusando o partido de ter perdido a sua identidade no debate de ideias que \u201ctende a regredir\u201d.<\/p>\n<p>O Partido no poder, segundo Faustino,vive grande parte do tempo adormecido, despertando apenas em momentos eleitorais, o que coloca em causa os resultados das pr\u00f3ximas elei\u00e7\u00f5es, sobretudo no Centro e Norte do pa\u00eds onde, avisa, a oposi\u00e7\u00e3o, com destaque para a Renamo, parece ganhar terreno.<\/p>\n<p>\u201cAo longo dos anos nos orgulh\u00e1vamos em dizer que a FRELIMO \u00e9 uma m\u00e1quina, mas hoje esta realidade constitui uma inc\u00f3gnita, sobretudo nas prov\u00edncias do Centro e Norte do pa\u00eds\u201d avan\u00e7ou, denunciando a exist\u00eancia de \u201cCamaradas\u201d que usam da esperteza e n\u00e3o a milit\u00e2ncia.<\/p>\n<p>\u201cOs mais espertos assaltaram os \u00f3rg\u00e3os do Partido, infiltrando-se e ocupando os cargos de destaque e por isso, o processo de purifica\u00e7\u00e3o de fileiras deve ser uma realidade\u201d, concluiu.<\/p>\n<p>Nyusi pede debate franco.<\/p>\n<p>Por seu lado, no seu discurso de abertura da reuni\u00e3o que termina amanh\u00e3, o presidente da Frelimo, Filipe Nyusi, pediu um debate interno franco e aberto, em prol da coes\u00e3o e fortalecimento do Partido.<\/p>\n<p>Filipe Nyusi apontou a Paz e o custo de vida como objectivos imediatos.<\/p>\n<p>&#8220;Vamos nos debru\u00e7ar sobre grandes quest\u00f5es que preocupam o nosso povo: a Paz e o custo de vida&#8221;, disse Nyusi que disse ser o momento de &#8220;arquitectar o \u2018modus operandi&#8217; do FRELIMO.<\/p>\n<p>Sem avan\u00e7ar detalhes, que ficaram reservados para a reuni\u00e3o que acontece a portas fechadas, o tamb\u00e9m Presidente de Mo\u00e7ambique desafiou os dirigentes do partido a \u201c compreender o momento em que a FRELIMO est\u00e1 a governar Mo\u00e7ambique, que ansiedades e prioridades reinam no seio dos mo\u00e7ambicanos&#8221;.<\/p>\n","protected":false},"excerpt":{"rendered":"<p>\u201cCamaradas usam da esperteza e n\u00e3o a milit\u00e2ncia&#8221;, disse Fernando Faustino. A Associa\u00e7\u00e3o dos Combatentes de Luta de Liberta\u00e7\u00e3o Nacional lan\u00e7ou duras cr\u00edticas ao est\u00e1gio actual do partido FRELIMO. &nbsp; Veteranos denunciam infiltrados e pedem purifica\u00e7\u00e3o de fileiras na FRELIMO. Ao intervir na abertura da reuni\u00e3o do Comit\u00e9 Central da FRELIMO, nesta sexta-feira, 26, a &hellip;<\/p>\n","protected":false},"author":1,"featured_media":0,"comment_status":"open","ping_status":"open","sticky":false,"template":"","format":"standard","meta":{"_jetpack_memberships_contains_paid_content":false,"footnotes":""},"categories":[4],"tags":[],"class_list":["post-2317","post","type-post","status-publish","format-standard","hentry","category-outras"],"jetpack_featured_media_url":"","jetpack_sharing_enabled":true,"_links":{"self":[{"href":"https:\/\/www.frelimo.org.mz\/index.php?rest_route=\/wp\/v2\/posts\/2317","targetHints":{"allow":["GET"]}}],"collection":[{"href":"https:\/\/www.frelimo.org.mz\/index.php?rest_route=\/wp\/v2\/posts"}],"about":[{"href":"https:\/\/www.frelimo.org.mz\/index.php?rest_route=\/wp\/v2\/types\/post"}],"author":[{"embeddable":true,"href":"https:\/\/www.frelimo.org.mz\/index.php?rest_route=\/wp\/v2\/users\/1"}],"replies":[{"embeddable":true,"href":"https:\/\/www.frelimo.org.mz\/index.php?rest_route=%2Fwp%2Fv2%2Fcomments&post=2317"}],"version-history":[{"count":0,"href":"https:\/\/www.frelimo.org.mz\/index.php?rest_route=\/wp\/v2\/posts\/2317\/revisions"}],"wp:attachment":[{"href":"https:\/\/www.frelimo.org.mz\/index.php?rest_route=%2Fwp%2Fv2%2Fmedia&parent=2317"}],"wp:term":[{"taxonomy":"category","embeddable":true,"href":"https:\/\/www.frelimo.org.mz\/index.php?rest_route=%2Fwp%2Fv2%2Fcategories&post=2317"},{"taxonomy":"post_tag","embeddable":true,"href":"https:\/\/www.frelimo.org.mz\/index.php?rest_route=%2Fwp%2Fv2%2Ftags&post=2317"}],"curies":[{"name":"wp","href":"https:\/\/api.w.org\/{rel}","templated":true}]}}