{"id":2312,"date":"2018-03-16T18:34:52","date_gmt":"2018-03-16T18:34:52","guid":{"rendered":"https:\/\/www.frelimo.org.mz\/?p=2312"},"modified":"2018-03-16T18:34:52","modified_gmt":"2018-03-16T18:34:52","slug":"frelimo-na-cidade-de-maputo-reune-com-os-engraxadores-da-cidade","status":"publish","type":"post","link":"https:\/\/www.frelimo.org.mz\/?p=2312","title":{"rendered":"FRELIMO na Cidade de Maputo re\u00fane com os Engraxadores da Cidade"},"content":{"rendered":"<p>O Cda Francisco Mabjaia Primeiro Secret\u00e1rio da FRELIMO na Cidade de Maputo reuniu com cerca de 50 Membros da Associa\u00e7\u00e3o dos Engraxadores da Cidade de Maputo como forma de dar continuidade ao processo de estabelecimento de contacto directo com<\/p>\n<p><!--more--><\/p>\n<p>v\u00e1rios actores da sociedade inseridos em diferentes frentes com vista ao fortalecimento ac\u00e7\u00e3o da FRELIMO.<\/p>\n<p>O Presidente da Associa\u00e7\u00e3o Filipe Fenias Boane Membro da FRELIMO, informou que a integra\u00e7\u00e3o de jovens como engraxadores tem permitido a transmiss\u00e3o de experi\u00eancias n\u00e3o s\u00f3 concernentes ao trabalho profissional como tamb\u00e9m t\u00eam contado historias do valor da independ\u00eancia de modo a que estes jovens saibam valorizar a independ\u00eancia e as suas conquistas.<\/p>\n<p>Na sua interven\u00e7\u00e3o o Cda Primeiro Secret\u00e1rio Francisco Mabjaia, primeiramente falou sobre a Paz e Unidade Nacional, como instrumentos fundamentais para a estabilidade de Mo\u00e7ambique. O Cda PS Mabjaia agradeceu a contribui\u00e7\u00e3o que estes tem feito no embelezamento dos mun\u00edcipes e acima de tudo por atrav\u00e9s desta nobre profiss\u00e3o conseguirem garantir a sa\u00fade, educa\u00e7\u00e3o e alimenta\u00e7\u00e3o das suas fam\u00edlias combatendo desta forma a pobreza.<\/p>\n<p>Este processo de ausculta\u00e7\u00e3o permanente de grupos espec\u00edficos tem permitido colher importantes subs\u00eddios para o fortalecimento dos programas da FRELIMO na Cidade de Maputo, assim como serve de veiculo para disseminar os ideais de desenvolvimento e manter viva a chama da FRELIMO, em prol de um Mo\u00e7ambique pr\u00f3spero, harmonioso e de progresso.<\/p>\n<p>Com a FRELIMO e NYUSI Unidos, Mo\u00e7ambique Avan\u00e7a<\/p>\n","protected":false},"excerpt":{"rendered":"<p>O Cda Francisco Mabjaia Primeiro Secret\u00e1rio da FRELIMO na Cidade de Maputo reuniu com cerca de 50 Membros da Associa\u00e7\u00e3o dos Engraxadores da Cidade de Maputo como forma de dar continuidade ao processo de estabelecimento de contacto directo com v\u00e1rios actores da sociedade inseridos em diferentes frentes com vista ao fortalecimento ac\u00e7\u00e3o da FRELIMO. O &hellip;<\/p>\n","protected":false},"author":1,"featured_media":0,"comment_status":"open","ping_status":"open","sticky":false,"template":"","format":"standard","meta":{"_jetpack_memberships_contains_paid_content":false,"footnotes":""},"categories":[4],"tags":[],"class_list":["post-2312","post","type-post","status-publish","format-standard","hentry","category-outras"],"jetpack_featured_media_url":"","jetpack_sharing_enabled":true,"_links":{"self":[{"href":"https:\/\/www.frelimo.org.mz\/index.php?rest_route=\/wp\/v2\/posts\/2312","targetHints":{"allow":["GET"]}}],"collection":[{"href":"https:\/\/www.frelimo.org.mz\/index.php?rest_route=\/wp\/v2\/posts"}],"about":[{"href":"https:\/\/www.frelimo.org.mz\/index.php?rest_route=\/wp\/v2\/types\/post"}],"author":[{"embeddable":true,"href":"https:\/\/www.frelimo.org.mz\/index.php?rest_route=\/wp\/v2\/users\/1"}],"replies":[{"embeddable":true,"href":"https:\/\/www.frelimo.org.mz\/index.php?rest_route=%2Fwp%2Fv2%2Fcomments&post=2312"}],"version-history":[{"count":0,"href":"https:\/\/www.frelimo.org.mz\/index.php?rest_route=\/wp\/v2\/posts\/2312\/revisions"}],"wp:attachment":[{"href":"https:\/\/www.frelimo.org.mz\/index.php?rest_route=%2Fwp%2Fv2%2Fmedia&parent=2312"}],"wp:term":[{"taxonomy":"category","embeddable":true,"href":"https:\/\/www.frelimo.org.mz\/index.php?rest_route=%2Fwp%2Fv2%2Fcategories&post=2312"},{"taxonomy":"post_tag","embeddable":true,"href":"https:\/\/www.frelimo.org.mz\/index.php?rest_route=%2Fwp%2Fv2%2Ftags&post=2312"}],"curies":[{"name":"wp","href":"https:\/\/api.w.org\/{rel}","templated":true}]}}