{"id":2298,"date":"2018-03-08T18:40:07","date_gmt":"2018-03-08T18:40:07","guid":{"rendered":"https:\/\/www.frelimo.org.mz\/?p=2298"},"modified":"2018-03-08T18:40:07","modified_gmt":"2018-03-08T18:40:07","slug":"felicitacoes-as-mulheres-pela-passagem-do-dia-08-de-marco","status":"publish","type":"post","link":"https:\/\/www.frelimo.org.mz\/?p=2298","title":{"rendered":"Felicita\u00e7\u00f5es \u00e0s mulheres pela passagem do dia 08 de Mar\u00e7o"},"content":{"rendered":"<p>Compatriotas,<\/p>\n<p>Quero me juntar ao mundo para endere\u00e7ar felicita\u00e7\u00f5es \u00e0s mulheres pela passagem do dia 08 de Mar\u00e7o, dia Internacional da Mulher.<\/p>\n<p><!--more--><\/p>\n<p>&nbsp;<\/p>\n<p>O meu Governo continua empenhado em promover pol\u00edticas e ac\u00e7\u00f5es concretas para o empoderamento e avan\u00e7o da mulher que lado a lado com o homem, vai construindo um Mo\u00e7ambique de justi\u00e7a e prosperidade.<\/p>\n<p>No nosso pa\u00eds, em reconhecimento do papel da mulher na constru\u00e7\u00e3o da na\u00e7\u00e3o mo\u00e7ambicana, iniciamos o m\u00eas de exalta\u00e7\u00e3o cujo ponto mais alto ser\u00e1 o 7 de Abril, o Dia da Mulher Mo\u00e7ambicana.<\/p>\n<p>Feliz dia, parab\u00e9ns!<\/p>\n<p>Filipe Jacinto Nyusi<\/p>\n","protected":false},"excerpt":{"rendered":"<p>Compatriotas, Quero me juntar ao mundo para endere\u00e7ar felicita\u00e7\u00f5es \u00e0s mulheres pela passagem do dia 08 de Mar\u00e7o, dia Internacional da Mulher. &nbsp; O meu Governo continua empenhado em promover pol\u00edticas e ac\u00e7\u00f5es concretas para o empoderamento e avan\u00e7o da mulher que lado a lado com o homem, vai construindo um Mo\u00e7ambique de justi\u00e7a e &hellip;<\/p>\n","protected":false},"author":1,"featured_media":0,"comment_status":"open","ping_status":"open","sticky":false,"template":"","format":"standard","meta":{"_jetpack_memberships_contains_paid_content":false,"footnotes":""},"categories":[4],"tags":[],"class_list":["post-2298","post","type-post","status-publish","format-standard","hentry","category-outras"],"jetpack_featured_media_url":"","jetpack_sharing_enabled":true,"_links":{"self":[{"href":"https:\/\/www.frelimo.org.mz\/index.php?rest_route=\/wp\/v2\/posts\/2298","targetHints":{"allow":["GET"]}}],"collection":[{"href":"https:\/\/www.frelimo.org.mz\/index.php?rest_route=\/wp\/v2\/posts"}],"about":[{"href":"https:\/\/www.frelimo.org.mz\/index.php?rest_route=\/wp\/v2\/types\/post"}],"author":[{"embeddable":true,"href":"https:\/\/www.frelimo.org.mz\/index.php?rest_route=\/wp\/v2\/users\/1"}],"replies":[{"embeddable":true,"href":"https:\/\/www.frelimo.org.mz\/index.php?rest_route=%2Fwp%2Fv2%2Fcomments&post=2298"}],"version-history":[{"count":0,"href":"https:\/\/www.frelimo.org.mz\/index.php?rest_route=\/wp\/v2\/posts\/2298\/revisions"}],"wp:attachment":[{"href":"https:\/\/www.frelimo.org.mz\/index.php?rest_route=%2Fwp%2Fv2%2Fmedia&parent=2298"}],"wp:term":[{"taxonomy":"category","embeddable":true,"href":"https:\/\/www.frelimo.org.mz\/index.php?rest_route=%2Fwp%2Fv2%2Fcategories&post=2298"},{"taxonomy":"post_tag","embeddable":true,"href":"https:\/\/www.frelimo.org.mz\/index.php?rest_route=%2Fwp%2Fv2%2Ftags&post=2298"}],"curies":[{"name":"wp","href":"https:\/\/api.w.org\/{rel}","templated":true}]}}