{"id":2293,"date":"2018-03-07T20:58:56","date_gmt":"2018-03-07T20:58:56","guid":{"rendered":"https:\/\/www.frelimo.org.mz\/?p=2293"},"modified":"2018-03-07T20:58:56","modified_gmt":"2018-03-07T20:58:56","slug":"nyusi-diz-que-e-preciso-atacar-a-corrupcao-com-medidas-concretas","status":"publish","type":"post","link":"https:\/\/www.frelimo.org.mz\/?p=2293","title":{"rendered":"Nyusi diz que \u00e9 preciso atacar a corrup\u00e7\u00e3o com medidas concretas"},"content":{"rendered":"<p style=\"margin: 6px 0px; font-family: Helvetica, Arial, sans-serif; color: #1d2129; font-size: 14px;\">O Presidente da Rep\u00fablica, que falava hoje no lan\u00e7amento do Plano Estrat\u00e9gico do Gabinete Central de Combate \u00e0 Corrup\u00e7\u00e3o, afirma que pessoas n\u00e3o s\u00e3o corruptas por serem pobres, mas tornam-se pobres por serem corruptas.<\/p>\n<p><!--more--><\/p>\n<p style=\"margin: 6px 0px; font-family: Helvetica, Arial, sans-serif; color: #1d2129; font-size: 14px;\">&nbsp;<\/p>\n<p style=\"margin: 6px 0px; font-family: Helvetica, Arial, sans-serif; color: #1d2129; font-size: 14px;\">A corrup\u00e7\u00e3o constitui uma urg\u00eancia a combater, considera o Presidente da Rep\u00fablica, que exige medidas implac\u00e1veis na luta contra o fen\u00f3meno.<\/p>\n<div class=\"text_exposed_show\" style=\"display: inline; font-family: Helvetica, Arial, sans-serif; color: #1d2129; font-size: 14px;\">\n<p style=\"margin: 0px 0px 6px; font-family: inherit;\">Filipe Nyusi lembra que o Plano Estrat\u00e9gico do Gabinete Central de Combate \u00e0 Corrup\u00e7\u00e3o, lan\u00e7ado hoje, n\u00e3o ser\u00e1 a solu\u00e7\u00e3o definitiva para erradicar os actos corruptos.<\/p>\n<p style=\"margin: 6px 0px; font-family: inherit;\">A directora do Gabinete Central de Combate \u00e0 Corrup\u00e7\u00e3o diz que o Plano ora lan\u00e7ado vai refor\u00e7ar as medidas de preven\u00e7\u00e3o e combate \u00e0 corrup\u00e7\u00e3o, melhorando as leis, promovendo a den\u00fancia e envolvendo v\u00e1rias institui\u00e7\u00f5es no combate aos actos corruptos.<\/p>\n<p style=\"margin: 6px 0px; font-family: inherit;\">Lembre-se, a corrup\u00e7\u00e3o lesou o Estado mo\u00e7ambicano em perto de 500 milh\u00f5es de meticais no ano passado.<\/p>\n<p style=\"margin: 6px 0px; font-family: inherit;\">O Plano Estrat\u00e9gico de Combate \u00e0 Corrup\u00e7\u00e3o est\u00e1 or\u00e7ado em mais de 500 milh\u00f5es de meticais, sendo a Uni\u00e3o Europeia um dos financiadores. Entretanto esta organiza\u00e7\u00e3o diz que tem um pacote global de 700 milh\u00f5es de meticais, mas exige transpar\u00eancia.<\/p>\n<p style=\"margin: 6px 0px; font-family: inherit;\">O Plano Estrat\u00e9gico do Gabinete Central de Combate \u00e0 Corrup\u00e7\u00e3o tem a dura\u00e7\u00e3o de cinco anos, isto \u00e9, de 2018 a 2022.<\/p>\n<\/div>\n","protected":false},"excerpt":{"rendered":"<p>O Presidente da Rep\u00fablica, que falava hoje no lan\u00e7amento do Plano Estrat\u00e9gico do Gabinete Central de Combate \u00e0 Corrup\u00e7\u00e3o, afirma que pessoas n\u00e3o s\u00e3o corruptas por serem pobres, mas tornam-se pobres por serem corruptas. &nbsp; A corrup\u00e7\u00e3o constitui uma urg\u00eancia a combater, considera o Presidente da Rep\u00fablica, que exige medidas implac\u00e1veis na luta contra o &hellip;<\/p>\n","protected":false},"author":1,"featured_media":0,"comment_status":"open","ping_status":"open","sticky":false,"template":"","format":"standard","meta":{"_jetpack_memberships_contains_paid_content":false,"footnotes":""},"categories":[4],"tags":[],"class_list":["post-2293","post","type-post","status-publish","format-standard","hentry","category-outras"],"jetpack_featured_media_url":"","jetpack_sharing_enabled":true,"_links":{"self":[{"href":"https:\/\/www.frelimo.org.mz\/index.php?rest_route=\/wp\/v2\/posts\/2293","targetHints":{"allow":["GET"]}}],"collection":[{"href":"https:\/\/www.frelimo.org.mz\/index.php?rest_route=\/wp\/v2\/posts"}],"about":[{"href":"https:\/\/www.frelimo.org.mz\/index.php?rest_route=\/wp\/v2\/types\/post"}],"author":[{"embeddable":true,"href":"https:\/\/www.frelimo.org.mz\/index.php?rest_route=\/wp\/v2\/users\/1"}],"replies":[{"embeddable":true,"href":"https:\/\/www.frelimo.org.mz\/index.php?rest_route=%2Fwp%2Fv2%2Fcomments&post=2293"}],"version-history":[{"count":0,"href":"https:\/\/www.frelimo.org.mz\/index.php?rest_route=\/wp\/v2\/posts\/2293\/revisions"}],"wp:attachment":[{"href":"https:\/\/www.frelimo.org.mz\/index.php?rest_route=%2Fwp%2Fv2%2Fmedia&parent=2293"}],"wp:term":[{"taxonomy":"category","embeddable":true,"href":"https:\/\/www.frelimo.org.mz\/index.php?rest_route=%2Fwp%2Fv2%2Fcategories&post=2293"},{"taxonomy":"post_tag","embeddable":true,"href":"https:\/\/www.frelimo.org.mz\/index.php?rest_route=%2Fwp%2Fv2%2Ftags&post=2293"}],"curies":[{"name":"wp","href":"https:\/\/api.w.org\/{rel}","templated":true}]}}