{"id":2284,"date":"2018-02-27T22:00:00","date_gmt":"2018-02-27T22:00:00","guid":{"rendered":"https:\/\/www.frelimo.org.mz\/?p=2284"},"modified":"2018-02-27T22:00:00","modified_gmt":"2018-02-27T22:00:00","slug":"paz-em-mocambique-anima-suica","status":"publish","type":"post","link":"https:\/\/www.frelimo.org.mz\/?p=2284","title":{"rendered":"Paz em Mo\u00e7ambique anima Su\u00ed\u00e7a"},"content":{"rendered":"<p>A Su\u00ed\u00e7a \u00e9 um dos pa\u00edses que cortou o apoio directo ao Or\u00e7amento do Estado mo\u00e7ambicano, por conta das d\u00edvidas ocultas. No entanto, a coopera\u00e7\u00e3o entre os dois pa\u00edses continua em outros projectos.<\/p>\n<p><!--more--><\/p>\n<p>&nbsp;<\/p>\n<p>Para 2017-2020, a Su\u00ed\u00e7a tem dispon\u00edveis sete milh\u00f5es de francos su\u00ed\u00e7os para investir na zona norte de Mo\u00e7ambique.<\/p>\n<p>Ali\u00e1s, de acordo com o Presidente da Confedera\u00e7\u00e3o, as prov\u00edncias do norte do nosso pa\u00eds constituem uma prioridade para a Su\u00ed\u00e7a, devido \u00e0 localiza\u00e7\u00e3o geogr\u00e1fica.<\/p>\n<p>Para Filipe Nyusi, ao priorizar a zona norte para investir, a Su\u00ed\u00e7a abriu, igualmente, espa\u00e7o para os demais parceiros investirem em outros pontos do pa\u00eds.<\/p>\n<p>A informa\u00e7\u00e3o sobre a exist\u00eancia dos sete milh\u00f5es de francos su\u00ed\u00e7os a serem investidos no pa\u00eds foi avan\u00e7ada por Alain Berset, presidente da Confedera\u00e7\u00e3o Su\u00ed\u00e7a, durante uma confer\u00eancia de imprensa havida para dar a conhecer os pontos abordados num encontro com Filipe Nyusi, no Pal\u00e1cio Federal da Su\u00ed\u00e7a.<br \/>Neste encontro, de acordo com os dois l\u00edderes, foram abordadas aspectos bilaterais e multilaterais. No \u00e2mbito da coopera\u00e7\u00e3o econ\u00f3mica, foram assinados acordos, entre os quais o acordo de transporte a\u00e9reo, que poder\u00e1 refor\u00e7ar a coopera\u00e7\u00e3o.<\/p>\n<p>E porque a d\u00edvida oculta \u00e9 praticamente um assunto inevit\u00e1vel, a Confedera\u00e7\u00e3o Su\u00ed\u00e7a reitera que \u00e9 preciso clarificar a quest\u00e3o. Ali\u00e1s, ambos l\u00edderes dizem ter chegado \u00e0 conclus\u00e3o de que \u00e9 preciso reestruturar a d\u00edvida.<\/p>\n<p>Em suma, Filipe Nyusi e Alain Berset manifestaram o desejo de consolidar a rela\u00e7\u00e3o de coopera\u00e7\u00e3o e amizade de mais de 40 anos, existentes entre as duas na\u00e7\u00f5es. Alain Berset sublinhou que Mo\u00e7ambique tem muito potencial e a Su\u00ed\u00e7a pretende estreitar a coopera\u00e7\u00e3o.<\/p>\n","protected":false},"excerpt":{"rendered":"<p>A Su\u00ed\u00e7a \u00e9 um dos pa\u00edses que cortou o apoio directo ao Or\u00e7amento do Estado mo\u00e7ambicano, por conta das d\u00edvidas ocultas. No entanto, a coopera\u00e7\u00e3o entre os dois pa\u00edses continua em outros projectos. &nbsp; Para 2017-2020, a Su\u00ed\u00e7a tem dispon\u00edveis sete milh\u00f5es de francos su\u00ed\u00e7os para investir na zona norte de Mo\u00e7ambique. Ali\u00e1s, de acordo &hellip;<\/p>\n","protected":false},"author":1,"featured_media":0,"comment_status":"open","ping_status":"open","sticky":false,"template":"","format":"standard","meta":{"_jetpack_memberships_contains_paid_content":false,"footnotes":""},"categories":[4],"tags":[],"class_list":["post-2284","post","type-post","status-publish","format-standard","hentry","category-outras"],"jetpack_featured_media_url":"","jetpack_sharing_enabled":true,"_links":{"self":[{"href":"https:\/\/www.frelimo.org.mz\/index.php?rest_route=\/wp\/v2\/posts\/2284","targetHints":{"allow":["GET"]}}],"collection":[{"href":"https:\/\/www.frelimo.org.mz\/index.php?rest_route=\/wp\/v2\/posts"}],"about":[{"href":"https:\/\/www.frelimo.org.mz\/index.php?rest_route=\/wp\/v2\/types\/post"}],"author":[{"embeddable":true,"href":"https:\/\/www.frelimo.org.mz\/index.php?rest_route=\/wp\/v2\/users\/1"}],"replies":[{"embeddable":true,"href":"https:\/\/www.frelimo.org.mz\/index.php?rest_route=%2Fwp%2Fv2%2Fcomments&post=2284"}],"version-history":[{"count":0,"href":"https:\/\/www.frelimo.org.mz\/index.php?rest_route=\/wp\/v2\/posts\/2284\/revisions"}],"wp:attachment":[{"href":"https:\/\/www.frelimo.org.mz\/index.php?rest_route=%2Fwp%2Fv2%2Fmedia&parent=2284"}],"wp:term":[{"taxonomy":"category","embeddable":true,"href":"https:\/\/www.frelimo.org.mz\/index.php?rest_route=%2Fwp%2Fv2%2Fcategories&post=2284"},{"taxonomy":"post_tag","embeddable":true,"href":"https:\/\/www.frelimo.org.mz\/index.php?rest_route=%2Fwp%2Fv2%2Ftags&post=2284"}],"curies":[{"name":"wp","href":"https:\/\/api.w.org\/{rel}","templated":true}]}}