{"id":2270,"date":"2018-02-22T22:00:00","date_gmt":"2018-02-22T22:00:00","guid":{"rendered":"https:\/\/www.frelimo.org.mz\/?p=2270"},"modified":"2018-02-22T22:00:00","modified_gmt":"2018-02-22T22:00:00","slug":"pr-visita-familias-afectadas-pela-tragedia-de-hulene","status":"publish","type":"post","link":"https:\/\/www.frelimo.org.mz\/?p=2270","title":{"rendered":"PR VISITA FAMILIAS AFECTADAS PELA TRAG\u00caDIA DE HULENE."},"content":{"rendered":"<p style=\"margin: 6px 0px; font-family: Helvetica, Arial, sans-serif; color: #1d2129; font-size: 14px;\">O Presidente da Rep\u00fablica, Filipe Nyusi, est\u00e1 a visitar as fam\u00edlias afectadas pelo desabamento de lixo na lixeira de Hulene.<\/p>\n<p><!--more--><\/p>\n<p style=\"margin: 6px 0px; font-family: Helvetica, Arial, sans-serif; color: #1d2129; font-size: 14px;\">&nbsp;<\/p>\n<p style=\"margin: 6px 0px; font-family: Helvetica, Arial, sans-serif; color: #1d2129; font-size: 14px;\">H\u00e1 pouco tempo percorreu a \u00e1rea que circunda aquela que \u00e9 a maior lixeira a c\u00e9u aberto no pa\u00eds e falou com algumas fam\u00edlias que disseram precisar de apoio para deixar o local.<\/p>\n<div class=\"text_exposed_show\" style=\"display: inline; font-family: Helvetica, Arial, sans-serif; color: #1d2129; font-size: 14px;\">\n<p style=\"margin: 0px 0px 6px; font-family: inherit;\">Neste momento, Filipe Nyusi desloca-se ao centro de acolhimento das mais de 100 fam\u00edlias que j\u00e1 deixaram o bairro de Hulene B, onde est\u00e1 localizada a lixeira, devendo depois falar \u00e0 imprensa.<\/p>\n<p style=\"margin: 6px 0px; font-family: inherit;\">Fazem parte da comitiva, a Governadora da Cidade de Maputo, os edis de Maputo e Matola e o ministro da Terra, Ambiente e Desenvolvimento Rural.<\/p>\n<p style=\"margin: 6px 0px; font-family: inherit;\">A visita do Chefe de Estado acontece quatro dias depois do desabamento de um monte de lixo que matou 17 pessoas.<\/p>\n<\/div>\n","protected":false},"excerpt":{"rendered":"<p>O Presidente da Rep\u00fablica, Filipe Nyusi, est\u00e1 a visitar as fam\u00edlias afectadas pelo desabamento de lixo na lixeira de Hulene. &nbsp; H\u00e1 pouco tempo percorreu a \u00e1rea que circunda aquela que \u00e9 a maior lixeira a c\u00e9u aberto no pa\u00eds e falou com algumas fam\u00edlias que disseram precisar de apoio para deixar o local. Neste &hellip;<\/p>\n","protected":false},"author":1,"featured_media":0,"comment_status":"open","ping_status":"open","sticky":false,"template":"","format":"standard","meta":{"_jetpack_memberships_contains_paid_content":false,"footnotes":""},"categories":[4],"tags":[],"class_list":["post-2270","post","type-post","status-publish","format-standard","hentry","category-outras"],"jetpack_featured_media_url":"","jetpack_sharing_enabled":true,"_links":{"self":[{"href":"https:\/\/www.frelimo.org.mz\/index.php?rest_route=\/wp\/v2\/posts\/2270","targetHints":{"allow":["GET"]}}],"collection":[{"href":"https:\/\/www.frelimo.org.mz\/index.php?rest_route=\/wp\/v2\/posts"}],"about":[{"href":"https:\/\/www.frelimo.org.mz\/index.php?rest_route=\/wp\/v2\/types\/post"}],"author":[{"embeddable":true,"href":"https:\/\/www.frelimo.org.mz\/index.php?rest_route=\/wp\/v2\/users\/1"}],"replies":[{"embeddable":true,"href":"https:\/\/www.frelimo.org.mz\/index.php?rest_route=%2Fwp%2Fv2%2Fcomments&post=2270"}],"version-history":[{"count":0,"href":"https:\/\/www.frelimo.org.mz\/index.php?rest_route=\/wp\/v2\/posts\/2270\/revisions"}],"wp:attachment":[{"href":"https:\/\/www.frelimo.org.mz\/index.php?rest_route=%2Fwp%2Fv2%2Fmedia&parent=2270"}],"wp:term":[{"taxonomy":"category","embeddable":true,"href":"https:\/\/www.frelimo.org.mz\/index.php?rest_route=%2Fwp%2Fv2%2Fcategories&post=2270"},{"taxonomy":"post_tag","embeddable":true,"href":"https:\/\/www.frelimo.org.mz\/index.php?rest_route=%2Fwp%2Fv2%2Ftags&post=2270"}],"curies":[{"name":"wp","href":"https:\/\/api.w.org\/{rel}","templated":true}]}}