{"id":2248,"date":"2018-02-14T18:53:46","date_gmt":"2018-02-14T18:53:46","guid":{"rendered":"https:\/\/www.frelimo.org.mz\/?p=2248"},"modified":"2018-02-14T18:53:46","modified_gmt":"2018-02-14T18:53:46","slug":"comissao-politica-comunicado-de-imprensa-28","status":"publish","type":"post","link":"https:\/\/www.frelimo.org.mz\/?p=2248","title":{"rendered":"COMISS\u0100O POL\u00cdTICA &#8211; COMUNICADO DE IMPRENSA"},"content":{"rendered":"<div>Sob Direc\u00e7\u00e3o do Camarada FILIPE JACINTO NYUSI, Presidente da&nbsp;<\/div>\n<div>FRELIMO e Presidente da Rep\u00fablica de Mo\u00e7ambique, teve lugar, no dia&nbsp;<br \/>\n<!--more-->\n<\/div>\n<div>14 de Fevereiro de 2018, na Sede Nacional da FRELIMO, a 8\u00aa Sess\u00e3o<\/div>\n<div>Ordin\u00e1ria da Comiss\u00e3o Pol\u00edtica, para analisar a actual situa\u00e7\u00e3o pol\u00edtica,&nbsp;<\/div>\n<div>econ\u00f3mica e social do pa\u00eds e do mundo.<\/div>\n<div>&nbsp;<\/div>\n<div>1. A Comiss\u00e3o Pol\u00edtica sa\u00fada os mo\u00e7ambicanos que,&nbsp;<\/div>\n<div>independentemente das suas cores pol\u00edtico-partid\u00e1rias, t\u00eam&nbsp;<\/div>\n<div>manifestado vivamente a sua satisfa\u00e7\u00e3o e apoio aos consensos<\/div>\n<div>alcan\u00e7ados no processo de di\u00e1logo pol\u00edtico, entre o Presidente&nbsp;<\/div>\n<div>da Rep\u00fablica, FILIPE JACINTO NYUSI, e o l\u00edder da Renamo,<\/div>\n<div>em torno do pacote da descentraliza\u00e7\u00e3o.<\/div>\n<div>&nbsp;<\/div>\n<div>2. A Comiss\u00e3o Pol\u00edtica considera as manifesta\u00e7\u00f5es de&nbsp;<\/div>\n<div>satisfa\u00e7\u00e3o como a express\u00e3o mais alta de que os consensos&nbsp;<\/div>\n<div>alcan\u00e7ados respondem aos anseios e interesses do Povo&nbsp;<\/div>\n<div>mo\u00e7ambicano, do Rovuma ao Maputo e do Zumbo ao \u00cdndico e&nbsp;<\/div>\n<div>reafirmam o compromisso assumido pelo Camarada&nbsp;<\/div>\n<div>Presidente FILIPE JACINTO NYUSI que, desde o inicio do deu&nbsp;<\/div>\n<div>mandato, sempre defendeu que tudo faria para a reconcilia\u00e7\u00e3o&nbsp;<\/div>\n<div>da Na\u00e7\u00e3o e da restaura\u00e7\u00e3o de uma Paz efectiva.&nbsp;<\/div>\n<div>&nbsp;<\/div>\n<div>3. A Comiss\u00e3o Pol\u00edtica enaltece os esfor\u00e7os do Governo, atrav\u00e9s&nbsp;<\/div>\n<div>do INGC, pela prontid\u00e3o na resposta ao chamamento dos&nbsp;<\/div>\n<div>afectados pelas chuvas na Cidade da Beira e de Dondo, e&nbsp;<\/div>\n<div>orienta para que esfor\u00e7os sejam envidados de modo a reduzir&nbsp;<\/div>\n<div>a vulnerabilidade das fam\u00edlias, da economia e infra-estruturas&nbsp;<\/div>\n<div>aos riscos clim\u00e1ticos e \u00e0s calamidades naturais.&nbsp;<\/div>\n<div>&nbsp;<\/div>\n<div>4. A Comiss\u00e3o Pol\u00edtica encara com bastante preocupa\u00e7\u00e3o o&nbsp;<\/div>\n<div>alerta laranja acionado, devido \u00e0 situa\u00e7\u00e3o de escassez de \u00e1gua&nbsp;<\/div>\n<div>na Bacia do rio Umbel\u00fazi, que se reflecte na restri\u00e7\u00e3o do&nbsp;<\/div>\n<div>abastecimento de \u00e1gua \u00e0s cidades de Maputo, Matola e Vila&nbsp;<\/div>\n<div>de Boane.<\/div>\n<div>&nbsp;<\/div>\n<div>\n<div>5. A Comiss\u00e3o Pol\u00edtica, face ao alerta, recomenda ao Governo a&nbsp;<\/div>\n<div>intensificar junto da popula\u00e7\u00e3o e das unidades econ\u00f3micas na&nbsp;<\/div>\n<div>referida bacia, ac\u00e7\u00f5es de sensibiliza\u00e7\u00e3o, para a poupan\u00e7a e&nbsp;<\/div>\n<div>uso racional da \u00e1gua.&nbsp;<\/div>\n<div>&nbsp;<\/div>\n<div>6. A Comiss\u00e3o Pol\u00edtica foi informada sobre a valida\u00e7\u00e3o e&nbsp;<\/div>\n<div>proclama\u00e7\u00e3o dos resultados das elei\u00e7\u00f5es intercalares do&nbsp;<\/div>\n<div>Presidente do Munic\u00edpio de Nampula e orienta ao Gabinete&nbsp;<\/div>\n<div>Central de Prepara\u00e7\u00e3o de Elei\u00e7\u00f5es a intensificar as ac\u00e7\u00f5es<\/div>\n<div>preparat\u00f3rias que conduzam \u00e0 vit\u00f3ria da FRELIMO e seu&nbsp;<\/div>\n<div>candidato no pleito eleitoral que se avizinha.&nbsp;<\/div>\n<div>&nbsp;<\/div>\n<div>7. A Comiss\u00e3o Pol\u00edtica felicita a ac\u00e7\u00e3o vigorosa das For\u00e7as de&nbsp;<\/div>\n<div>Defesa e Seguran\u00e7a, na preven\u00e7\u00e3o e combate ao crime,&nbsp;<\/div>\n<div>acidentes de via\u00e7\u00e3o, na protec\u00e7\u00e3o das popula\u00e7\u00f5es, bem como<\/div>\n<div>na manuten\u00e7\u00e3o da ordem, seguran\u00e7a e tranquilidade&nbsp;<\/div>\n<div>p\u00fablicas, em todo o territ\u00f3rio nacional.<\/div>\n<div>&nbsp;<\/div>\n<div>UNIDADE,<\/div>\n<div>PAZ E DESENVOLVIMENTO<\/div>\n<div>FRELIMO A FOR\u00c7A DA MUDAN\u00c7A<\/div>\n<div>Maputo, 14 de Fevereiro de 2018<\/div>\n<\/div>\n<div>&nbsp;<\/div>\n","protected":false},"excerpt":{"rendered":"<p>Sob Direc\u00e7\u00e3o do Camarada FILIPE JACINTO NYUSI, Presidente da&nbsp; FRELIMO e Presidente da Rep\u00fablica de Mo\u00e7ambique, teve lugar, no dia&nbsp; 14 de Fevereiro de 2018, na Sede Nacional da FRELIMO, a 8\u00aa Sess\u00e3o Ordin\u00e1ria da Comiss\u00e3o Pol\u00edtica, para analisar a actual situa\u00e7\u00e3o pol\u00edtica,&nbsp; econ\u00f3mica e social do pa\u00eds e do mundo. &nbsp; 1. A Comiss\u00e3o &hellip;<\/p>\n","protected":false},"author":1,"featured_media":0,"comment_status":"open","ping_status":"open","sticky":false,"template":"","format":"standard","meta":{"_jetpack_memberships_contains_paid_content":false,"footnotes":""},"categories":[4],"tags":[],"class_list":["post-2248","post","type-post","status-publish","format-standard","hentry","category-outras"],"jetpack_featured_media_url":"","jetpack_sharing_enabled":true,"_links":{"self":[{"href":"https:\/\/www.frelimo.org.mz\/index.php?rest_route=\/wp\/v2\/posts\/2248","targetHints":{"allow":["GET"]}}],"collection":[{"href":"https:\/\/www.frelimo.org.mz\/index.php?rest_route=\/wp\/v2\/posts"}],"about":[{"href":"https:\/\/www.frelimo.org.mz\/index.php?rest_route=\/wp\/v2\/types\/post"}],"author":[{"embeddable":true,"href":"https:\/\/www.frelimo.org.mz\/index.php?rest_route=\/wp\/v2\/users\/1"}],"replies":[{"embeddable":true,"href":"https:\/\/www.frelimo.org.mz\/index.php?rest_route=%2Fwp%2Fv2%2Fcomments&post=2248"}],"version-history":[{"count":0,"href":"https:\/\/www.frelimo.org.mz\/index.php?rest_route=\/wp\/v2\/posts\/2248\/revisions"}],"wp:attachment":[{"href":"https:\/\/www.frelimo.org.mz\/index.php?rest_route=%2Fwp%2Fv2%2Fmedia&parent=2248"}],"wp:term":[{"taxonomy":"category","embeddable":true,"href":"https:\/\/www.frelimo.org.mz\/index.php?rest_route=%2Fwp%2Fv2%2Fcategories&post=2248"},{"taxonomy":"post_tag","embeddable":true,"href":"https:\/\/www.frelimo.org.mz\/index.php?rest_route=%2Fwp%2Fv2%2Ftags&post=2248"}],"curies":[{"name":"wp","href":"https:\/\/api.w.org\/{rel}","templated":true}]}}