{"id":2231,"date":"2018-02-01T22:00:00","date_gmt":"2018-02-01T22:00:00","guid":{"rendered":"https:\/\/www.frelimo.org.mz\/?p=2231"},"modified":"2018-02-01T22:00:00","modified_gmt":"2018-02-01T22:00:00","slug":"secretario-permanente-de-nacala-porto-apela-a-comunidade-escolar-a-se-envolver-na-vida-da-escola","status":"publish","type":"post","link":"https:\/\/www.frelimo.org.mz\/?p=2231","title":{"rendered":"SECRET\u00c1RIO PERMANENTE DE NACALA-PORTO APELA A COMUNIDADE ESCOLAR A SE ENVOLVER NA VIDA DA ESCOLA"},"content":{"rendered":"<p>O Secret\u00e1rio Permanente do distrito de Nacala-Porto em representa\u00e7\u00e3o do administrador do distrito MA. Dinis da Costa, apelou na manh\u00e3 desta Sexta-feira (2 de Fevereiro de 2018), aos professores e outros funcion\u00e1rios, pais e encarregados de educa\u00e7\u00e3o, alunos, o Conselho de escola e a comunidade no geral, o maior envolvimento na vida da escola.<\/p>\n<p>Segundo MA. Dinis da Costa, \u00e9 necess\u00e1rio que a escola esteja inserida na comunidade, \u00e9 necess\u00e1rio que se acompanhe a vida da escola, a sua gest\u00e3o, o desempenho dos alunos e dos professores atrav\u00e9s da presen\u00e7a ass\u00eddua e constante nas institui\u00e7\u00f5es de ensino.<\/p>\n<p>\u201cIsto significa que a nossa escola deve tornar-se num centro de promo\u00e7\u00e3o do potencial da comunidade local, visando o aumento da iniciativa e criatividade, e, transformando os problemas em desafio por vencer\u201d, disse Dinis da Costa.<\/p>\n<p>O governante, falava no acto da abertura do ano lectivo escolar que decorreu no distrito de Nacala-Porto, na Escola Secund\u00e1ria de Nacala-Porto (Mocone), onde a cerim\u00f3nia in\u00edciou com plantio de \u00e1rvores no recinto escolar e n\u00e3o s\u00f3, foram premiados os melhores professores, alunos e membros de comit\u00e9 de escola que se evidenciaram no ano de 2017. JVZ<\/p>\n","protected":false},"excerpt":{"rendered":"<p>O Secret\u00e1rio Permanente do distrito de Nacala-Porto em representa\u00e7\u00e3o do administrador do distrito MA. Dinis da Costa, apelou na manh\u00e3 desta Sexta-feira (2 de Fevereiro de 2018), aos professores e outros funcion\u00e1rios, pais e encarregados de educa\u00e7\u00e3o, alunos, o Conselho de escola e a comunidade no geral, o maior envolvimento na vida da escola. Segundo &hellip;<\/p>\n","protected":false},"author":1,"featured_media":0,"comment_status":"open","ping_status":"open","sticky":false,"template":"","format":"standard","meta":{"_jetpack_memberships_contains_paid_content":false,"footnotes":""},"categories":[4],"tags":[],"class_list":["post-2231","post","type-post","status-publish","format-standard","hentry","category-outras"],"jetpack_featured_media_url":"","jetpack_sharing_enabled":true,"_links":{"self":[{"href":"https:\/\/www.frelimo.org.mz\/index.php?rest_route=\/wp\/v2\/posts\/2231","targetHints":{"allow":["GET"]}}],"collection":[{"href":"https:\/\/www.frelimo.org.mz\/index.php?rest_route=\/wp\/v2\/posts"}],"about":[{"href":"https:\/\/www.frelimo.org.mz\/index.php?rest_route=\/wp\/v2\/types\/post"}],"author":[{"embeddable":true,"href":"https:\/\/www.frelimo.org.mz\/index.php?rest_route=\/wp\/v2\/users\/1"}],"replies":[{"embeddable":true,"href":"https:\/\/www.frelimo.org.mz\/index.php?rest_route=%2Fwp%2Fv2%2Fcomments&post=2231"}],"version-history":[{"count":0,"href":"https:\/\/www.frelimo.org.mz\/index.php?rest_route=\/wp\/v2\/posts\/2231\/revisions"}],"wp:attachment":[{"href":"https:\/\/www.frelimo.org.mz\/index.php?rest_route=%2Fwp%2Fv2%2Fmedia&parent=2231"}],"wp:term":[{"taxonomy":"category","embeddable":true,"href":"https:\/\/www.frelimo.org.mz\/index.php?rest_route=%2Fwp%2Fv2%2Fcategories&post=2231"},{"taxonomy":"post_tag","embeddable":true,"href":"https:\/\/www.frelimo.org.mz\/index.php?rest_route=%2Fwp%2Fv2%2Ftags&post=2231"}],"curies":[{"name":"wp","href":"https:\/\/api.w.org\/{rel}","templated":true}]}}