{"id":2213,"date":"2018-01-23T20:40:48","date_gmt":"2018-01-23T20:40:48","guid":{"rendered":"https:\/\/www.frelimo.org.mz\/?p=2213"},"modified":"2018-01-23T20:40:48","modified_gmt":"2018-01-23T20:40:48","slug":"presidente-da-republica-paz-para-breve","status":"publish","type":"post","link":"https:\/\/www.frelimo.org.mz\/?p=2213","title":{"rendered":"PRESIDENTE DA REP\u00daBLICA, PAZ PARA BREVE"},"content":{"rendered":"<div class=\"itemIntroText\" style=\"margin: 0px; padding: 4px 0px 12px; border: 0px; outline: 0px; font-size: 13px; vertical-align: baseline; background-image: initial; background-position: initial; background-repeat: initial; background-attachment: initial; line-height: inherit; color: #444444; font-family: Arial, Helvetica, sans-serif;\">\n<p style=\"margin: 0.5em 0px; padding: 0px; border: 0px; outline: 0px; vertical-align: baseline; background: transparent;\"><span style=\"margin: 0px; padding: 0px; border: 0px; outline: 0px; font-size: 12pt; vertical-align: baseline; background: transparent; line-height: 18.4px; font-family: Verdana, sans-serif;\">O Presidente da&nbsp;<\/span><span style=\"margin: 0px; padding: 0px; border: 0px; outline: 0px; font-size: 12pt; vertical-align: baseline; background: transparent; line-height: 18.4px; font-family: Verdana, sans-serif;\">Rep\u00fablica<\/span><span style=\"margin: 0px; padding: 0px; border: 0px; outline: 0px; font-size: 12pt; vertical-align: baseline; background: transparent; line-height: 18.4px; font-family: Verdana, sans-serif;\">, Filipe Nyusi, assegurou, esta segunda-feira, \u00e0 comuniadade internacional, que em brve, o documento final dos consensos do di\u00e1logo com o lider da Renamo, Afonso Dhlakama, poder\u00e1 ser concluido e submetido \u00e0 Assembleia da Rep\u00fablica.<\/span><\/p>\n<\/div>\n<div class=\"itemFullText\" style=\"margin: 0px; padding: 0px; border: 0px; outline: 0px; font-size: 13px; vertical-align: baseline; background-image: initial; background-position: initial; background-repeat: initial; background-attachment: initial; color: #444444; font-family: Arial, Helvetica, sans-serif;\">\n<p style=\"margin: 0.5em 0px; padding: 0px; border: 0px; outline: 0px; vertical-align: baseline; background: transparent;\">&nbsp;<span style=\"margin: 0px; padding: 0px; border: 0px; outline: 0px; font-size: 12pt; vertical-align: baseline; background: transparent; line-height: 18.4px; font-family: Verdana, sans-serif;\">O Chefe do Estado mo\u00e7ambicano falava durante a sauda\u00e7\u00e3o pelos representantes do corpo diplom\u00e1tico acreditado em Mo\u00e7ambique.<\/span><\/p>\n<p><!--more--><\/p>\n<p style=\"margin: 0.5em 0px; padding: 0px; border: 0px; outline: 0px; vertical-align: baseline; background: transparent;\"><span style=\"margin: 0px; padding: 0px; border: 0px; outline: 0px; font-size: 12pt; vertical-align: baseline; background: transparent; line-height: 18.4px; font-family: Verdana, sans-serif;\"><\/span><\/p>\n<p style=\"margin: 0.5em 0px; padding: 0px; border: 0px; outline: 0px; vertical-align: baseline; background: transparent;\"><span style=\"margin: 0px; padding: 0px; border: 0px; outline: 0px; font-size: 12pt; vertical-align: baseline; background: transparent; line-height: 18.4px; font-family: Verdana, sans-serif;\">O Chefe do Estado destacou que o processo de di\u00e1logo franco e aberto que est\u00e1 ser desevolovido demonstra a sereniadade e confian\u00e7a na capaciadde interna de construir consensos.<\/span><\/p>\n<p style=\"margin: 0.5em 0px; padding: 0px; border: 0px; outline: 0px; vertical-align: baseline; background: transparent;\"><span style=\"margin: 0px; padding: 0px; border: 0px; outline: 0px; font-size: 12pt; vertical-align: baseline; background: transparent; line-height: 18.4px; font-family: Verdana, sans-serif;\">Sobre a D\u00edvida P\u00fablica, o Chefe do Estado garantiu aos parceiros que o seu governo compreende a necessidde do r\u00e1pido esclarecimentro dos contornos e a responsabiliza\u00e7ao dos implicados.<\/span><\/p>\n<p style=\"margin: 0.5em 0px; padding: 0px; border: 0px; outline: 0px; vertical-align: baseline; background: transparent;\"><span style=\"margin: 0px; padding: 0px; border: 0px; outline: 0px; font-size: 12pt; vertical-align: baseline; background: transparent; line-height: 18.4px; font-family: Verdana, sans-serif;\">O Chefe do Estado referiu que na economia, apesar dos desafios que persistem, foi poss\u00edvel reduzir a infla\u00e7\u00e3o e aumentar as reservas internacionais liquidas.<\/span><\/p>\n<p style=\"margin: 0.5em 0px; padding: 0px; border: 0px; outline: 0px; vertical-align: baseline; background: transparent;\"><span style=\"margin: 0px; padding: 0px; border: 0px; outline: 0px; font-size: 12pt; vertical-align: baseline; background: transparent; line-height: 18.4px; font-family: Verdana, sans-serif;\">Em represneta\u00e7\u00e3o do corpo diplom\u00e1tico, o vice-decano e Embaixador da Palestina, Fayez Jawad, reconheceu os desfios que se impuseram ao desenvolvimento de Mo\u00e7ambique e saudou o empenho do Chefe do Estado na solu\u00e7\u00e3o dos problemas do povo. (RM)<\/span><\/p>\n<\/div>\n","protected":false},"excerpt":{"rendered":"<p>O Presidente da&nbsp;Rep\u00fablica, Filipe Nyusi, assegurou, esta segunda-feira, \u00e0 comuniadade internacional, que em brve, o documento final dos consensos do di\u00e1logo com o lider da Renamo, Afonso Dhlakama, poder\u00e1 ser concluido e submetido \u00e0 Assembleia da Rep\u00fablica. &nbsp;O Chefe do Estado mo\u00e7ambicano falava durante a sauda\u00e7\u00e3o pelos representantes do corpo diplom\u00e1tico acreditado em Mo\u00e7ambique. O &hellip;<\/p>\n","protected":false},"author":1,"featured_media":0,"comment_status":"open","ping_status":"open","sticky":false,"template":"","format":"standard","meta":{"_jetpack_memberships_contains_paid_content":false,"footnotes":""},"categories":[4],"tags":[],"class_list":["post-2213","post","type-post","status-publish","format-standard","hentry","category-outras"],"jetpack_featured_media_url":"","jetpack_sharing_enabled":true,"_links":{"self":[{"href":"https:\/\/www.frelimo.org.mz\/index.php?rest_route=\/wp\/v2\/posts\/2213","targetHints":{"allow":["GET"]}}],"collection":[{"href":"https:\/\/www.frelimo.org.mz\/index.php?rest_route=\/wp\/v2\/posts"}],"about":[{"href":"https:\/\/www.frelimo.org.mz\/index.php?rest_route=\/wp\/v2\/types\/post"}],"author":[{"embeddable":true,"href":"https:\/\/www.frelimo.org.mz\/index.php?rest_route=\/wp\/v2\/users\/1"}],"replies":[{"embeddable":true,"href":"https:\/\/www.frelimo.org.mz\/index.php?rest_route=%2Fwp%2Fv2%2Fcomments&post=2213"}],"version-history":[{"count":0,"href":"https:\/\/www.frelimo.org.mz\/index.php?rest_route=\/wp\/v2\/posts\/2213\/revisions"}],"wp:attachment":[{"href":"https:\/\/www.frelimo.org.mz\/index.php?rest_route=%2Fwp%2Fv2%2Fmedia&parent=2213"}],"wp:term":[{"taxonomy":"category","embeddable":true,"href":"https:\/\/www.frelimo.org.mz\/index.php?rest_route=%2Fwp%2Fv2%2Fcategories&post=2213"},{"taxonomy":"post_tag","embeddable":true,"href":"https:\/\/www.frelimo.org.mz\/index.php?rest_route=%2Fwp%2Fv2%2Ftags&post=2213"}],"curies":[{"name":"wp","href":"https:\/\/api.w.org\/{rel}","templated":true}]}}