{"id":2186,"date":"2018-01-07T22:00:00","date_gmt":"2018-01-07T22:00:00","guid":{"rendered":"https:\/\/www.frelimo.org.mz\/?p=2186"},"modified":"2018-01-07T22:00:00","modified_gmt":"2018-01-07T22:00:00","slug":"arranca-amanha-campanha-eleitoral-para-eleicao-intercalar-de-nampula","status":"publish","type":"post","link":"https:\/\/www.frelimo.org.mz\/?p=2186","title":{"rendered":"ARRANCA AMANH\u00c3 CAMPANHA ELEITORAL PARA ELEI\u00c7\u00c3O INTERCALAR DE NAMPULA"},"content":{"rendered":"<p>Arranca amanh\u00e3, a campanha eleitoral para a elei\u00e7\u00e3o intercalar no munic\u00edpio de Nampula. A Comiss\u00e3o Nacional de Elei\u00e7\u00f5es re\u00fane-se hoje, com os partidos pol\u00edticos, candidatos e outros intervenientes para que o processo decorra sem sobressaltos.<\/p>\n","protected":false},"excerpt":{"rendered":"<p>Arranca amanh\u00e3, a campanha eleitoral para a elei\u00e7\u00e3o intercalar no munic\u00edpio de Nampula. A Comiss\u00e3o Nacional de Elei\u00e7\u00f5es re\u00fane-se hoje, com os partidos pol\u00edticos, candidatos e outros intervenientes para que o processo decorra sem sobressaltos.<\/p>\n","protected":false},"author":1,"featured_media":0,"comment_status":"open","ping_status":"open","sticky":false,"template":"","format":"standard","meta":{"_jetpack_memberships_contains_paid_content":false,"footnotes":""},"categories":[4],"tags":[],"class_list":["post-2186","post","type-post","status-publish","format-standard","hentry","category-outras"],"jetpack_featured_media_url":"","jetpack_sharing_enabled":true,"_links":{"self":[{"href":"https:\/\/www.frelimo.org.mz\/index.php?rest_route=\/wp\/v2\/posts\/2186","targetHints":{"allow":["GET"]}}],"collection":[{"href":"https:\/\/www.frelimo.org.mz\/index.php?rest_route=\/wp\/v2\/posts"}],"about":[{"href":"https:\/\/www.frelimo.org.mz\/index.php?rest_route=\/wp\/v2\/types\/post"}],"author":[{"embeddable":true,"href":"https:\/\/www.frelimo.org.mz\/index.php?rest_route=\/wp\/v2\/users\/1"}],"replies":[{"embeddable":true,"href":"https:\/\/www.frelimo.org.mz\/index.php?rest_route=%2Fwp%2Fv2%2Fcomments&post=2186"}],"version-history":[{"count":0,"href":"https:\/\/www.frelimo.org.mz\/index.php?rest_route=\/wp\/v2\/posts\/2186\/revisions"}],"wp:attachment":[{"href":"https:\/\/www.frelimo.org.mz\/index.php?rest_route=%2Fwp%2Fv2%2Fmedia&parent=2186"}],"wp:term":[{"taxonomy":"category","embeddable":true,"href":"https:\/\/www.frelimo.org.mz\/index.php?rest_route=%2Fwp%2Fv2%2Fcategories&post=2186"},{"taxonomy":"post_tag","embeddable":true,"href":"https:\/\/www.frelimo.org.mz\/index.php?rest_route=%2Fwp%2Fv2%2Ftags&post=2186"}],"curies":[{"name":"wp","href":"https:\/\/api.w.org\/{rel}","templated":true}]}}