{"id":2176,"date":"2018-01-01T22:00:00","date_gmt":"2018-01-01T22:00:00","guid":{"rendered":"https:\/\/www.frelimo.org.mz\/?p=2176"},"modified":"2018-01-01T22:00:00","modified_gmt":"2018-01-01T22:00:00","slug":"pr-na-sua-mensagem-de-ano-novo-paz-e-crescimento-economico-social-prioridades-para-2018","status":"publish","type":"post","link":"https:\/\/www.frelimo.org.mz\/?p=2176","title":{"rendered":"PR NA SUA MENSAGEM DE ANO NOVO: Paz e crescimento econ\u00f3mico-social prioridades para 2018"},"content":{"rendered":"<p>O Presidente da Rep\u00fablica, Filipe Nyusi, afirma que apesar dos desafios que o pa\u00eds enfrenta, os mo\u00e7ambicanos tem sabido consolidar, com base no di\u00e1logo e consensos, os esfor\u00e7os visando a manuten\u00e7\u00e3o da paz efectiva e duradoira bem como a unidade nacional.<\/p>\n<p><!--more--><\/p>\n<p>&nbsp;<\/p>\n<p>O Presidente da Rep\u00fablica, Filipe Nyusi, afirma que apesar dos desafios que o pa\u00eds enfrenta, os mo\u00e7ambicanos tem sabido consolidar, com base no di\u00e1logo e consensos, os esfor\u00e7os visando a manuten\u00e7\u00e3o da paz efectiva e duradoira bem como a unidade nacional.<\/p>\n<p>Na sua mensagem alusiva \u00e0 transi\u00e7\u00e3o do ano, Filipe Nyusi, sublinha que a paz, a consolida\u00e7\u00e3o do estado de direito democr\u00e1tico e o crescimento econ\u00f3mico-social, v\u00e3o continuar a ser as prioridades do governo no ano que inicia.<\/p>\n<p>Para a materializa\u00e7\u00e3o deste desiderato colectivo, o Presidente conta com todos os mo\u00e7ambicanos e com os amigos de Mo\u00e7ambique.<\/p>\n<p>A mensagem refere ainda que a paz e a unidade nacional, foram os principais clamores que ouviu em todo o pa\u00eds, durante o ano passado.<\/p>\n<p>A este respeito, o Chefe do Estado endere\u00e7a uma sauda\u00e7\u00e3o muito especial ao l\u00edder da Renamo, Afonso Dhlakama, pelo seu compromisso pessoal em contribuir para a paz.<\/p>\n<p>Filipe Nyusi acredita que os valiosos contributos de ambas partes ter\u00e3o como legado, a melhoria do modelo e mecanismos democr\u00e1ticos em Mo\u00e7ambique.<\/p>\n<p>O Presidente destaca tamb\u00e9m na sua mensagem de fim de ano, que nos \u00faltimos tr\u00eas anos, Mo\u00e7ambique conseguiu auto-financiar o seu Or\u00e7amento do Estado, estabilizar a economia, experimentar uma relativa valoriza\u00e7\u00e3o do metical, face as principais moedas externas.<\/p>\n","protected":false},"excerpt":{"rendered":"<p>O Presidente da Rep\u00fablica, Filipe Nyusi, afirma que apesar dos desafios que o pa\u00eds enfrenta, os mo\u00e7ambicanos tem sabido consolidar, com base no di\u00e1logo e consensos, os esfor\u00e7os visando a manuten\u00e7\u00e3o da paz efectiva e duradoira bem como a unidade nacional. &nbsp; O Presidente da Rep\u00fablica, Filipe Nyusi, afirma que apesar dos desafios que o &hellip;<\/p>\n","protected":false},"author":1,"featured_media":0,"comment_status":"open","ping_status":"open","sticky":false,"template":"","format":"standard","meta":{"_jetpack_memberships_contains_paid_content":false,"footnotes":""},"categories":[4],"tags":[],"class_list":["post-2176","post","type-post","status-publish","format-standard","hentry","category-outras"],"jetpack_featured_media_url":"","jetpack_sharing_enabled":true,"_links":{"self":[{"href":"https:\/\/www.frelimo.org.mz\/index.php?rest_route=\/wp\/v2\/posts\/2176","targetHints":{"allow":["GET"]}}],"collection":[{"href":"https:\/\/www.frelimo.org.mz\/index.php?rest_route=\/wp\/v2\/posts"}],"about":[{"href":"https:\/\/www.frelimo.org.mz\/index.php?rest_route=\/wp\/v2\/types\/post"}],"author":[{"embeddable":true,"href":"https:\/\/www.frelimo.org.mz\/index.php?rest_route=\/wp\/v2\/users\/1"}],"replies":[{"embeddable":true,"href":"https:\/\/www.frelimo.org.mz\/index.php?rest_route=%2Fwp%2Fv2%2Fcomments&post=2176"}],"version-history":[{"count":0,"href":"https:\/\/www.frelimo.org.mz\/index.php?rest_route=\/wp\/v2\/posts\/2176\/revisions"}],"wp:attachment":[{"href":"https:\/\/www.frelimo.org.mz\/index.php?rest_route=%2Fwp%2Fv2%2Fmedia&parent=2176"}],"wp:term":[{"taxonomy":"category","embeddable":true,"href":"https:\/\/www.frelimo.org.mz\/index.php?rest_route=%2Fwp%2Fv2%2Fcategories&post=2176"},{"taxonomy":"post_tag","embeddable":true,"href":"https:\/\/www.frelimo.org.mz\/index.php?rest_route=%2Fwp%2Fv2%2Ftags&post=2176"}],"curies":[{"name":"wp","href":"https:\/\/api.w.org\/{rel}","templated":true}]}}