{"id":2159,"date":"2017-12-14T11:20:33","date_gmt":"2017-12-14T11:20:33","guid":{"rendered":"https:\/\/www.frelimo.org.mz\/?p=2159"},"modified":"2017-12-14T11:20:33","modified_gmt":"2017-12-14T11:20:33","slug":"novos-ministros-empossados-hoje-2","status":"publish","type":"post","link":"https:\/\/www.frelimo.org.mz\/?p=2159","title":{"rendered":"Novos ministros empossados hoje"},"content":{"rendered":"<p class=\"m_-8899719505569224651gmail-MsoNormal\" style=\"color: #222222; font-family: arial, sans-serif; font-size: 12.8px;\"><span style=\"font-size: 12pt; line-height: 18.4px; font-family: 'Times New Roman', serif;\" lang=\"PT\">O Presidente da Rep\u00fablica, Filipe Nyusi, confere posse esta manh\u00e3, no seu gabinete de trabalho, aos rec\u00e9m-nomeados membros do Governo.<\/span><\/p>\n<p><span style=\"color: #222222; font-size: 12pt; line-height: 18.4px; font-family: 'Times New Roman', serif;\" lang=\"PT\">Trata-se de Jos\u00e9 Condugua Ant\u00f3nio Pacheco, indicado para o cargo de Ministro dos Neg\u00f3cios Estrangeiros e Coopera\u00e7\u00e3o; Ernesto Max Elias Tonela para Recursos Minerais e Energia, e Higino Francisco de Marrule, para timoneiro da pasta de Agricultura e Seguran\u00e7a Alimentar<\/span><\/p>\n<p><span style=\"color: #222222; font-size: 12pt; line-height: 18.4px; font-family: 'Times New Roman', serif;\" lang=\"PT\">&nbsp;<\/span><\/p>\n","protected":false},"excerpt":{"rendered":"<p>O Presidente da Rep\u00fablica, Filipe Nyusi, confere posse esta manh\u00e3, no seu gabinete de trabalho, aos rec\u00e9m-nomeados membros do Governo. Trata-se de Jos\u00e9 Condugua Ant\u00f3nio Pacheco, indicado para o cargo de Ministro dos Neg\u00f3cios Estrangeiros e Coopera\u00e7\u00e3o; Ernesto Max Elias Tonela para Recursos Minerais e Energia, e Higino Francisco de Marrule, para timoneiro da pasta &hellip;<\/p>\n","protected":false},"author":1,"featured_media":0,"comment_status":"open","ping_status":"open","sticky":false,"template":"","format":"standard","meta":{"_jetpack_memberships_contains_paid_content":false,"footnotes":""},"categories":[4],"tags":[],"class_list":["post-2159","post","type-post","status-publish","format-standard","hentry","category-outras"],"jetpack_featured_media_url":"","jetpack_sharing_enabled":true,"_links":{"self":[{"href":"https:\/\/www.frelimo.org.mz\/index.php?rest_route=\/wp\/v2\/posts\/2159","targetHints":{"allow":["GET"]}}],"collection":[{"href":"https:\/\/www.frelimo.org.mz\/index.php?rest_route=\/wp\/v2\/posts"}],"about":[{"href":"https:\/\/www.frelimo.org.mz\/index.php?rest_route=\/wp\/v2\/types\/post"}],"author":[{"embeddable":true,"href":"https:\/\/www.frelimo.org.mz\/index.php?rest_route=\/wp\/v2\/users\/1"}],"replies":[{"embeddable":true,"href":"https:\/\/www.frelimo.org.mz\/index.php?rest_route=%2Fwp%2Fv2%2Fcomments&post=2159"}],"version-history":[{"count":0,"href":"https:\/\/www.frelimo.org.mz\/index.php?rest_route=\/wp\/v2\/posts\/2159\/revisions"}],"wp:attachment":[{"href":"https:\/\/www.frelimo.org.mz\/index.php?rest_route=%2Fwp%2Fv2%2Fmedia&parent=2159"}],"wp:term":[{"taxonomy":"category","embeddable":true,"href":"https:\/\/www.frelimo.org.mz\/index.php?rest_route=%2Fwp%2Fv2%2Fcategories&post=2159"},{"taxonomy":"post_tag","embeddable":true,"href":"https:\/\/www.frelimo.org.mz\/index.php?rest_route=%2Fwp%2Fv2%2Ftags&post=2159"}],"curies":[{"name":"wp","href":"https:\/\/api.w.org\/{rel}","templated":true}]}}