{"id":2149,"date":"2017-12-12T08:10:55","date_gmt":"2017-12-12T08:10:55","guid":{"rendered":"https:\/\/www.frelimo.org.mz\/?p=2149"},"modified":"2017-12-12T08:10:55","modified_gmt":"2017-12-12T08:10:55","slug":"pr-lancou-a-primeira-pedra-para-construcao-da-estrada-nampula-nametil","status":"publish","type":"post","link":"https:\/\/www.frelimo.org.mz\/?p=2149","title":{"rendered":"PR lan\u00e7ou a primeira pedra para constru\u00e7\u00e3o da estrada Nampula-Nametil"},"content":{"rendered":"<p class=\"m_4279289395887344167gmail-m-4808816792765980776gmail-msonormal\" style=\"color: #222222; font-family: arial, sans-serif; font-size: 12.8px; background-image: initial; background-position: initial; background-repeat: initial;\"><span lang=\"PT\">O in\u00edcio das obras de asfaltagem da Estrada Nacional n\u00famero 104, que liga a cidade de Nampula e o distrito de Nametil, numa extens\u00e3o de 70,6 quil\u00f3metros, \u00e9 o primeiro passo para a interliga\u00e7\u00e3o inter-distrital nesta regi\u00e3o do pa\u00eds, considerou fim-de-<\/span><\/p>\n<p><!--more--><\/p>\n<p class=\"m_4279289395887344167gmail-m-4808816792765980776gmail-msonormal\" style=\"color: #222222; font-family: arial, sans-serif; font-size: 12.8px; background-image: initial; background-position: initial; background-repeat: initial;\"><span lang=\"PT\">semana em Nampula o Presidente da Rep\u00fablica, Filipe Nyusi.<\/span><\/p>\n<p class=\"m_4279289395887344167gmail-m-4808816792765980776gmail-msonormal\" style=\"color: #222222; font-family: arial, sans-serif; font-size: 12.8px; background-image: initial; background-position: initial; background-repeat: initial;\"><span lang=\"PT\">A interliga\u00e7\u00e3o, usando o modal rodovi\u00e1rio, vai garantir o escoamento da produ\u00e7\u00e3o agr\u00edcola e pesqueira entre os distritos de Nampula, Angoche, Moma, Monapo e Meconta.<\/span><\/p>\n<p class=\"m_4279289395887344167gmail-m-4808816792765980776gmail-msonormal\" style=\"color: #222222; font-family: arial, sans-serif; font-size: 12.8px; background-image: initial; background-position: initial; background-repeat: initial;\"><span lang=\"PT\">\u201cEste projecto, integrado num dos pilares da nossa governa\u00e7\u00e3o na \u00e1rea de infra-estruturas, estende-se desde Nampula, a Angoche e Moma, e este primeiro passo faz-nos acreditar que isso ser\u00e1 poss\u00edvel\u201d, explicou o presidente.<\/span><\/p>\n","protected":false},"excerpt":{"rendered":"<p>O in\u00edcio das obras de asfaltagem da Estrada Nacional n\u00famero 104, que liga a cidade de Nampula e o distrito de Nametil, numa extens\u00e3o de 70,6 quil\u00f3metros, \u00e9 o primeiro passo para a interliga\u00e7\u00e3o inter-distrital nesta regi\u00e3o do pa\u00eds, considerou fim-de- semana em Nampula o Presidente da Rep\u00fablica, Filipe Nyusi. A interliga\u00e7\u00e3o, usando o modal &hellip;<\/p>\n","protected":false},"author":1,"featured_media":0,"comment_status":"open","ping_status":"open","sticky":false,"template":"","format":"standard","meta":{"_jetpack_memberships_contains_paid_content":false,"footnotes":""},"categories":[4],"tags":[],"class_list":["post-2149","post","type-post","status-publish","format-standard","hentry","category-outras"],"jetpack_featured_media_url":"","jetpack_sharing_enabled":true,"_links":{"self":[{"href":"https:\/\/www.frelimo.org.mz\/index.php?rest_route=\/wp\/v2\/posts\/2149","targetHints":{"allow":["GET"]}}],"collection":[{"href":"https:\/\/www.frelimo.org.mz\/index.php?rest_route=\/wp\/v2\/posts"}],"about":[{"href":"https:\/\/www.frelimo.org.mz\/index.php?rest_route=\/wp\/v2\/types\/post"}],"author":[{"embeddable":true,"href":"https:\/\/www.frelimo.org.mz\/index.php?rest_route=\/wp\/v2\/users\/1"}],"replies":[{"embeddable":true,"href":"https:\/\/www.frelimo.org.mz\/index.php?rest_route=%2Fwp%2Fv2%2Fcomments&post=2149"}],"version-history":[{"count":0,"href":"https:\/\/www.frelimo.org.mz\/index.php?rest_route=\/wp\/v2\/posts\/2149\/revisions"}],"wp:attachment":[{"href":"https:\/\/www.frelimo.org.mz\/index.php?rest_route=%2Fwp%2Fv2%2Fmedia&parent=2149"}],"wp:term":[{"taxonomy":"category","embeddable":true,"href":"https:\/\/www.frelimo.org.mz\/index.php?rest_route=%2Fwp%2Fv2%2Fcategories&post=2149"},{"taxonomy":"post_tag","embeddable":true,"href":"https:\/\/www.frelimo.org.mz\/index.php?rest_route=%2Fwp%2Fv2%2Ftags&post=2149"}],"curies":[{"name":"wp","href":"https:\/\/api.w.org\/{rel}","templated":true}]}}