{"id":2139,"date":"2017-12-06T00:00:00","date_gmt":"2017-12-06T00:00:00","guid":{"rendered":"https:\/\/www.frelimo.org.mz\/?p=2139"},"modified":"2017-12-06T00:00:00","modified_gmt":"2017-12-06T00:00:00","slug":"pessoas-com-deficiencia-exigem-mais-respeito","status":"publish","type":"post","link":"https:\/\/www.frelimo.org.mz\/?p=2139","title":{"rendered":"PESSOAS COM DEFICI\u00caNCIA EXIGEM MAIS RESPEITO"},"content":{"rendered":"<p style=\"margin: 6px 0px; font-family: Helvetica, Arial, sans-serif; color: #1d2129; font-size: 14px;\">Dificuldades no acesso ao transporte, \u00e0 educa\u00e7\u00e3o e a professores qualificados s\u00e3o algumas das dificuldades enfrentadas pelas pessoas com defici\u00eancia no pa\u00eds. Esses constrangimentos foram apresentados hoje, durante as<\/p>\n<p><!--more--><\/p>\n<p style=\"margin: 6px 0px; font-family: Helvetica, Arial, sans-serif; color: #1d2129; font-size: 14px;\">celebra\u00e7\u00f5es do dia 3 de Dezembro, dia Internacional da Pessoa com Defici\u00eancia, evento que teve lugar no distrito de Marracuene, prov\u00edncia de Maputo e que foi dirigido pela Primeira-Dama, Isaura Nyusi.<\/p>\n<p style=\"margin: 6px 0px; font-family: Helvetica, Arial, sans-serif; color: #1d2129; font-size: 14px;\">Na ocasi\u00e3o, Maria<span class=\"text_exposed_show\" style=\"display: inline; font-family: inherit;\">&nbsp;Chirindza, representante do F\u00f3rum das Associa\u00e7\u00f5es Mo\u00e7ambicanas de Pessoas Deficientes (FAMOD) recordou os constrangimentos e preocupa\u00e7\u00f5es que afectam deste grupo social. \u201cO decreto 53\/2008 que regula a constru\u00e7\u00e3o e manuten\u00e7\u00e3o dos dispositivos t\u00e9cnicos de acessibilidade, circula\u00e7\u00e3o e regulariza\u00e7\u00e3o dos sistemas dos servi\u00e7os e lugares p\u00fablicos \u00e0s pessoas com defici\u00eancia ou com mobilidade condicionada, n\u00e3o tem sido respeitado, implementado e fiscalizado pela entidade competente, o que constitui uma barreira para a participa\u00e7\u00e3o activa deste grupo social. Apelamos a revis\u00e3o urgente da Lei de promo\u00e7\u00e3o e protec\u00e7\u00e3o dos direitos das pessoas com defici\u00eancia porque n\u00e3o incorpora as recomenda\u00e7\u00f5es apresentadas pelos benifici\u00e1rios da mesma\u201d, disse para depois elencar outros desafios.<\/span><\/p>\n<div class=\"text_exposed_show\" style=\"display: inline; font-family: Helvetica, Arial, sans-serif; color: #1d2129; font-size: 14px;\">\n<p style=\"margin: 0px 0px 6px; font-family: inherit;\">\u201cO baixo n\u00edvel de escolaridade, fraca capacidade de fornecer professores qualificados para responder \u00e0s necessidades de algumas especificidades de defici\u00eancia e as longas dist\u00e2ncias entre a casa a escola. O fraco conhecimento de pol\u00edticas e outros instrumentos que protegem as pessoas com defici\u00eancia pelas institui\u00e7\u00f5es do governo e pela sociedade no geral devido a fraca divulga\u00e7\u00e3o desses dispositivos\u201d, terminou.<\/p>\n<p style=\"margin: 6px 0px; font-family: inherit;\">Isaura Nyusi reconheceu os constrangimentos vividos pelas pessoas com defici\u00eancia, mas enalteceu alguns avan\u00e7os na legisla\u00e7\u00e3o e acesso aos direitos desse grupo vulner\u00e1vel. \u201cExortamos a todas as for\u00e7as vivas da sociedade a apostarem na consciencializa\u00e7\u00e3o da sociedade sobre a necessidade do respeito e da valoriza\u00e7\u00e3o das capacidades das pessoas com defici\u00eancia e a sua capacita\u00e7\u00e3o de modo a construir um mundo cada vez mais inclusivo.<\/p>\n<p style=\"margin: 6px 0px; font-family: inherit;\">Nos \u00faltimos tempos temos vindo a alcan\u00e7ar alguns progressos como por exemplo a presta\u00e7\u00e3o da assist\u00eancia m\u00e9dica e medicamentosa, incluindo os servi\u00e7os de medicina f\u00edsica e reabilita\u00e7\u00e3o; a garantia do acesso \u00e0 educa\u00e7\u00e3o a pessoas com defici\u00eancia atrav\u00e9s do ensino inclusivo, especial e de alfabetiza\u00e7\u00e3o e educa\u00e7\u00e3o de adultos; capacita\u00e7\u00e3o de profissionais de sa\u00fade, educa\u00e7\u00e3o e da ac\u00e7\u00e3o social em l\u00ednguas de sinais e outras mat\u00e9rias.<\/p>\n<p style=\"margin: 6px 0px; font-family: inherit;\">Ainda na cerim\u00f3nia que decorreu sob lema \u201cTransforma\u00e7\u00e3o para uma sociedade sustent\u00e1vel e resiliente para todos\u201d, a Primeira-Dama ofereceu meios de compensa\u00e7\u00e3o e um almo\u00e7o de confraterniza\u00e7\u00e3o com pessoas com defici\u00eancias. De salientar que o Dia Internacional da Pessoa com Defici\u00eancia foi institu\u00eddo pelas Na\u00e7\u00f5es Unidas em 1992 com objectivo de promover os direitos e bem-estar deste grupo social.<\/p>\n<\/div>\n","protected":false},"excerpt":{"rendered":"<p>Dificuldades no acesso ao transporte, \u00e0 educa\u00e7\u00e3o e a professores qualificados s\u00e3o algumas das dificuldades enfrentadas pelas pessoas com defici\u00eancia no pa\u00eds. Esses constrangimentos foram apresentados hoje, durante as celebra\u00e7\u00f5es do dia 3 de Dezembro, dia Internacional da Pessoa com Defici\u00eancia, evento que teve lugar no distrito de Marracuene, prov\u00edncia de Maputo e que foi &hellip;<\/p>\n","protected":false},"author":1,"featured_media":0,"comment_status":"open","ping_status":"open","sticky":false,"template":"","format":"standard","meta":{"_jetpack_memberships_contains_paid_content":false,"footnotes":""},"categories":[4],"tags":[],"class_list":["post-2139","post","type-post","status-publish","format-standard","hentry","category-outras"],"jetpack_featured_media_url":"","jetpack_sharing_enabled":true,"_links":{"self":[{"href":"https:\/\/www.frelimo.org.mz\/index.php?rest_route=\/wp\/v2\/posts\/2139","targetHints":{"allow":["GET"]}}],"collection":[{"href":"https:\/\/www.frelimo.org.mz\/index.php?rest_route=\/wp\/v2\/posts"}],"about":[{"href":"https:\/\/www.frelimo.org.mz\/index.php?rest_route=\/wp\/v2\/types\/post"}],"author":[{"embeddable":true,"href":"https:\/\/www.frelimo.org.mz\/index.php?rest_route=\/wp\/v2\/users\/1"}],"replies":[{"embeddable":true,"href":"https:\/\/www.frelimo.org.mz\/index.php?rest_route=%2Fwp%2Fv2%2Fcomments&post=2139"}],"version-history":[{"count":0,"href":"https:\/\/www.frelimo.org.mz\/index.php?rest_route=\/wp\/v2\/posts\/2139\/revisions"}],"wp:attachment":[{"href":"https:\/\/www.frelimo.org.mz\/index.php?rest_route=%2Fwp%2Fv2%2Fmedia&parent=2139"}],"wp:term":[{"taxonomy":"category","embeddable":true,"href":"https:\/\/www.frelimo.org.mz\/index.php?rest_route=%2Fwp%2Fv2%2Fcategories&post=2139"},{"taxonomy":"post_tag","embeddable":true,"href":"https:\/\/www.frelimo.org.mz\/index.php?rest_route=%2Fwp%2Fv2%2Ftags&post=2139"}],"curies":[{"name":"wp","href":"https:\/\/api.w.org\/{rel}","templated":true}]}}