{"id":2095,"date":"2017-11-18T06:00:00","date_gmt":"2017-11-18T06:00:00","guid":{"rendered":"https:\/\/www.frelimo.org.mz\/?p=2095"},"modified":"2017-11-18T06:00:00","modified_gmt":"2017-11-18T06:00:00","slug":"presidente-angolano-joao-lourenco-recebe-mensagem-do-homologo-mocambicano","status":"publish","type":"post","link":"https:\/\/www.frelimo.org.mz\/?p=2095","title":{"rendered":"Presidente Angolano Jo\u00e3o Louren\u00e7o recebe mensagem do hom\u00f3logo mo\u00e7ambicano"},"content":{"rendered":"<p>Uma mensagem do Presidente de Mo\u00e7ambique, Filipe Nyusi, foi entregue esta sexta-feira, em Luanda, ao Chefe de Estado angolano, Jo\u00e3o Louren\u00e7o, pelo ministro mo\u00e7ambicano do Interior, General Jaime Bas\u00edlio Monteiro.<\/p>\n<p><!--more--><\/p>\n<p>&nbsp;<\/p>\n<p>Presidente da Rep\u00fablica, Jo\u00e3o Louren\u00e7o (\u00e0 esq.) recebe ministro mo\u00e7ambicano do Interior, General Jaime Bas\u00edlio Monteiro (\u00e0 dir.)Presidente da Rep\u00fablica, Jo\u00e3o Louren\u00e7o, recebe do ministro mo\u00e7ambicano do Interior, Jaime Bas\u00edlio Monteiro, mensagem do hom\u00f3logo de Mo\u00e7ambique;<\/p>\n<p>\u00c0 sa\u00edda da audi\u00eancia concedida pelo Chefe de Estado angolano, o governante mo\u00e7ambicano afirmou \u00e0 imprensa que no encontro manifestou o apre\u00e7o das autoridades do seu pa\u00eds pela dedica\u00e7\u00e3o de Angola na conclus\u00e3o do acordo sobre a supress\u00e3o de vistos em passaportes ordin\u00e1rios.<\/p>\n<p>Trata-se de um mecanismo que vai permitir que angolanos na posse do passaporte ordin\u00e1rio entrem em territ\u00f3rio mo\u00e7ambicano sem a formalidade do visto, o mesmo deve acontecer no sentido contr\u00e1rio.<\/p>\n<p>A medida vai dar resposta ao fluxo consider\u00e1vel de visitantes nos dois sentidos, bem como vai impulsionar as trocas comerciais.<\/p>\n<p>Sobre a coopera\u00e7\u00e3o entre os minist\u00e9rios do Interior de Angola e Mo\u00e7ambique, Jaime Bas\u00edlio Monteiro as considerou \u201cexcelentes\u201d.<\/p>\n<p>Nos termos dessa coopera\u00e7\u00e3o, membros da Pol\u00edcia da Rep\u00fablica de Mo\u00e7ambique est\u00e3o a receber forma\u00e7\u00e3o em Angola em diversas especialidades.<\/p>\n<p>No quadro da visita a Angola, a agenda do ministro mo\u00e7ambicano prev\u00ea uma avalia\u00e7\u00e3o da coopera\u00e7\u00e3o em mat\u00e9ria de Seguran\u00e7a e Ordem Interna, encontro com o hom\u00f3logo angolano, \u00c2ngelo de Barros Veiga Tavares e desloca\u00e7\u00e3o ao Comando Provincial de Luanda da Pol\u00edcia Nacional.<\/p>\n","protected":false},"excerpt":{"rendered":"<p>Uma mensagem do Presidente de Mo\u00e7ambique, Filipe Nyusi, foi entregue esta sexta-feira, em Luanda, ao Chefe de Estado angolano, Jo\u00e3o Louren\u00e7o, pelo ministro mo\u00e7ambicano do Interior, General Jaime Bas\u00edlio Monteiro. &nbsp; Presidente da Rep\u00fablica, Jo\u00e3o Louren\u00e7o (\u00e0 esq.) recebe ministro mo\u00e7ambicano do Interior, General Jaime Bas\u00edlio Monteiro (\u00e0 dir.)Presidente da Rep\u00fablica, Jo\u00e3o Louren\u00e7o, recebe do &hellip;<\/p>\n","protected":false},"author":1,"featured_media":0,"comment_status":"open","ping_status":"open","sticky":false,"template":"","format":"standard","meta":{"_jetpack_memberships_contains_paid_content":false,"footnotes":""},"categories":[4],"tags":[],"class_list":["post-2095","post","type-post","status-publish","format-standard","hentry","category-outras"],"jetpack_featured_media_url":"","jetpack_sharing_enabled":true,"_links":{"self":[{"href":"https:\/\/www.frelimo.org.mz\/index.php?rest_route=\/wp\/v2\/posts\/2095","targetHints":{"allow":["GET"]}}],"collection":[{"href":"https:\/\/www.frelimo.org.mz\/index.php?rest_route=\/wp\/v2\/posts"}],"about":[{"href":"https:\/\/www.frelimo.org.mz\/index.php?rest_route=\/wp\/v2\/types\/post"}],"author":[{"embeddable":true,"href":"https:\/\/www.frelimo.org.mz\/index.php?rest_route=\/wp\/v2\/users\/1"}],"replies":[{"embeddable":true,"href":"https:\/\/www.frelimo.org.mz\/index.php?rest_route=%2Fwp%2Fv2%2Fcomments&post=2095"}],"version-history":[{"count":0,"href":"https:\/\/www.frelimo.org.mz\/index.php?rest_route=\/wp\/v2\/posts\/2095\/revisions"}],"wp:attachment":[{"href":"https:\/\/www.frelimo.org.mz\/index.php?rest_route=%2Fwp%2Fv2%2Fmedia&parent=2095"}],"wp:term":[{"taxonomy":"category","embeddable":true,"href":"https:\/\/www.frelimo.org.mz\/index.php?rest_route=%2Fwp%2Fv2%2Fcategories&post=2095"},{"taxonomy":"post_tag","embeddable":true,"href":"https:\/\/www.frelimo.org.mz\/index.php?rest_route=%2Fwp%2Fv2%2Ftags&post=2095"}],"curies":[{"name":"wp","href":"https:\/\/api.w.org\/{rel}","templated":true}]}}