{"id":2075,"date":"2017-11-10T00:00:00","date_gmt":"2017-11-10T00:00:00","guid":{"rendered":"https:\/\/www.frelimo.org.mz\/?p=2075"},"modified":"2017-11-10T00:00:00","modified_gmt":"2017-11-10T00:00:00","slug":"roque-silva-secretario-geral-da-frelimo-em-periplo-das-actividades-reune-com-os-quadros-em-nampula","status":"publish","type":"post","link":"https:\/\/www.frelimo.org.mz\/?p=2075","title":{"rendered":"ROQUE SILVA, SECRET\u00c1RIO GERAL DA FRELIMO EM P\u00c9RIPLO DAS ACTIVIDADES RE\u00daNE COM OS QUADROS EM NAMPULA."},"content":{"rendered":"<p style=\"margin: 6px 0px; font-family: Helvetica, Arial, sans-serif; color: #1d2129; font-size: 14px;\">O Secret\u00e1rio Geral do Partido FRELIMO, Camarada Roque Silva, garantiu hoje que a FRELIMO vai continuar a trabalhar para melhorar as condi\u00e7\u00f5es de vida dos Mo\u00e7ambicanos, sem distin\u00e7\u00e3o de ra\u00e7a ou de filia\u00e7\u00e3o partid\u00e1ria.<\/p>\n<p><!--more--><\/p>\n<p style=\"margin: 6px 0px; font-family: Helvetica, Arial, sans-serif; color: #1d2129; font-size: 14px;\">&nbsp;<\/p>\n<p style=\"margin: 6px 0px 0px; display: inline; font-family: Helvetica, Arial, sans-serif; color: #1d2129; font-size: 14px;\">Silva falava na orienta\u00e7\u00e3o do Semin\u00e1rio de Capacita\u00e7\u00e3o dos Quadros e Membros do nosso glorioso Partido FRELIMO em Nampula.JVZ<\/p>\n","protected":false},"excerpt":{"rendered":"<p>O Secret\u00e1rio Geral do Partido FRELIMO, Camarada Roque Silva, garantiu hoje que a FRELIMO vai continuar a trabalhar para melhorar as condi\u00e7\u00f5es de vida dos Mo\u00e7ambicanos, sem distin\u00e7\u00e3o de ra\u00e7a ou de filia\u00e7\u00e3o partid\u00e1ria. &nbsp; Silva falava na orienta\u00e7\u00e3o do Semin\u00e1rio de Capacita\u00e7\u00e3o dos Quadros e Membros do nosso glorioso Partido FRELIMO em Nampula.JVZ<\/p>\n","protected":false},"author":1,"featured_media":0,"comment_status":"open","ping_status":"open","sticky":false,"template":"","format":"standard","meta":{"_jetpack_memberships_contains_paid_content":false,"footnotes":""},"categories":[4],"tags":[],"class_list":["post-2075","post","type-post","status-publish","format-standard","hentry","category-outras"],"jetpack_featured_media_url":"","jetpack_sharing_enabled":true,"_links":{"self":[{"href":"https:\/\/www.frelimo.org.mz\/index.php?rest_route=\/wp\/v2\/posts\/2075","targetHints":{"allow":["GET"]}}],"collection":[{"href":"https:\/\/www.frelimo.org.mz\/index.php?rest_route=\/wp\/v2\/posts"}],"about":[{"href":"https:\/\/www.frelimo.org.mz\/index.php?rest_route=\/wp\/v2\/types\/post"}],"author":[{"embeddable":true,"href":"https:\/\/www.frelimo.org.mz\/index.php?rest_route=\/wp\/v2\/users\/1"}],"replies":[{"embeddable":true,"href":"https:\/\/www.frelimo.org.mz\/index.php?rest_route=%2Fwp%2Fv2%2Fcomments&post=2075"}],"version-history":[{"count":0,"href":"https:\/\/www.frelimo.org.mz\/index.php?rest_route=\/wp\/v2\/posts\/2075\/revisions"}],"wp:attachment":[{"href":"https:\/\/www.frelimo.org.mz\/index.php?rest_route=%2Fwp%2Fv2%2Fmedia&parent=2075"}],"wp:term":[{"taxonomy":"category","embeddable":true,"href":"https:\/\/www.frelimo.org.mz\/index.php?rest_route=%2Fwp%2Fv2%2Fcategories&post=2075"},{"taxonomy":"post_tag","embeddable":true,"href":"https:\/\/www.frelimo.org.mz\/index.php?rest_route=%2Fwp%2Fv2%2Ftags&post=2075"}],"curies":[{"name":"wp","href":"https:\/\/api.w.org\/{rel}","templated":true}]}}