{"id":2055,"date":"2017-10-30T00:00:00","date_gmt":"2017-10-30T00:00:00","guid":{"rendered":"https:\/\/www.frelimo.org.mz\/?p=2055"},"modified":"2017-10-30T00:00:00","modified_gmt":"2017-10-30T00:00:00","slug":"partido-fara-de-tudo-para-cumprir-com-as-decisoes-do-xi-congresso-sg-da-frelimo","status":"publish","type":"post","link":"https:\/\/www.frelimo.org.mz\/?p=2055","title":{"rendered":"PARTIDO FAR\u00c1 DE TUDO PARA CUMPRIR COM AS DECIS\u00d5ES DO XI CONGRESSO\u201d \u2013 SG DA FRELIMO."},"content":{"rendered":"<p><span style=\"color: #1d2129; font-family: Helvetica, Arial, sans-serif; font-size: 14px;\">O Secret\u00e1rio-Geral da FRELIMO, Roque Silva, disse, este domingo, disse que o partido far\u00e1 de tudo ao seu alcance para cumprir com as decis\u00f5es tomadas no d\u00e9cimo congresso.<\/span><\/p>\n<p><!--more--><\/p>\n<p><span style=\"color: #1d2129; font-family: Helvetica, Arial, sans-serif; font-size: 14px;\"><\/span><br style=\"color: #1d2129; font-family: Helvetica, Arial, sans-serif; font-size: 14px;\" \/><span style=\"color: #1d2129; font-family: Helvetica, Arial, sans-serif; font-size: 14px;\">Roque Silva referiu que a sua equipa est\u00e1 preparada para fazer frente aos desafios eleitorais que se avizinham.<\/span><br style=\"color: #1d2129; font-family: Helvetica, Arial, sans-serif; font-size: 14px;\" \/><span class=\"text_exposed_show\" style=\"display: inline; font-family: Helvetica, Arial, sans-serif; color: #1d2129; font-size: 14px;\"><br \/>O Secret\u00e1rio-Geral da Frelimo falava num showm\u00edcio do seu partido realizado este domingo na cidade de Nampula.<br \/>\u201cN\u00f3s havemos de correr na velocidade que o camarada Presidente Filipe Nyusi determinou. Ele disse que n\u00e3o quero um carro que tem uma parte das rodas com rolamento gripado. Ent\u00e3o, n\u00f3s n\u00e3o seremos um carro com um \u00fanico rolamento gripado\u201d , disse o secret\u00e1rio-Geral da Frelimo, Roque Silva.JVZ<\/span><\/p>\n","protected":false},"excerpt":{"rendered":"<p>O Secret\u00e1rio-Geral da FRELIMO, Roque Silva, disse, este domingo, disse que o partido far\u00e1 de tudo ao seu alcance para cumprir com as decis\u00f5es tomadas no d\u00e9cimo congresso. Roque Silva referiu que a sua equipa est\u00e1 preparada para fazer frente aos desafios eleitorais que se avizinham.O Secret\u00e1rio-Geral da Frelimo falava num showm\u00edcio do seu partido &hellip;<\/p>\n","protected":false},"author":1,"featured_media":0,"comment_status":"open","ping_status":"open","sticky":false,"template":"","format":"standard","meta":{"_jetpack_memberships_contains_paid_content":false,"footnotes":""},"categories":[4],"tags":[],"class_list":["post-2055","post","type-post","status-publish","format-standard","hentry","category-outras"],"jetpack_featured_media_url":"","jetpack_sharing_enabled":true,"_links":{"self":[{"href":"https:\/\/www.frelimo.org.mz\/index.php?rest_route=\/wp\/v2\/posts\/2055","targetHints":{"allow":["GET"]}}],"collection":[{"href":"https:\/\/www.frelimo.org.mz\/index.php?rest_route=\/wp\/v2\/posts"}],"about":[{"href":"https:\/\/www.frelimo.org.mz\/index.php?rest_route=\/wp\/v2\/types\/post"}],"author":[{"embeddable":true,"href":"https:\/\/www.frelimo.org.mz\/index.php?rest_route=\/wp\/v2\/users\/1"}],"replies":[{"embeddable":true,"href":"https:\/\/www.frelimo.org.mz\/index.php?rest_route=%2Fwp%2Fv2%2Fcomments&post=2055"}],"version-history":[{"count":0,"href":"https:\/\/www.frelimo.org.mz\/index.php?rest_route=\/wp\/v2\/posts\/2055\/revisions"}],"wp:attachment":[{"href":"https:\/\/www.frelimo.org.mz\/index.php?rest_route=%2Fwp%2Fv2%2Fmedia&parent=2055"}],"wp:term":[{"taxonomy":"category","embeddable":true,"href":"https:\/\/www.frelimo.org.mz\/index.php?rest_route=%2Fwp%2Fv2%2Fcategories&post=2055"},{"taxonomy":"post_tag","embeddable":true,"href":"https:\/\/www.frelimo.org.mz\/index.php?rest_route=%2Fwp%2Fv2%2Ftags&post=2055"}],"curies":[{"name":"wp","href":"https:\/\/api.w.org\/{rel}","templated":true}]}}