{"id":2053,"date":"2017-10-30T00:00:00","date_gmt":"2017-10-30T00:00:00","guid":{"rendered":"https:\/\/www.frelimo.org.mz\/?p=2053"},"modified":"2017-10-30T00:00:00","modified_gmt":"2017-10-30T00:00:00","slug":"isaura-nyusi-lanca-hoje-semana-nacional-da-saude","status":"publish","type":"post","link":"https:\/\/www.frelimo.org.mz\/?p=2053","title":{"rendered":"ISAURA NYUSI LAN\u00c7A HOJE SEMANA NACIONAL DA SA\u00daDE."},"content":{"rendered":"<p style=\"margin: 6px 0px; font-family: Helvetica, Arial, sans-serif; color: #1d2129; font-size: 14px;\">A primeira-dama da Rep\u00fablica, Isaura Nyusi, efectua, hoje (30 de Outubro de 2017) uma visita de trabalho \u00e0 prov\u00edncia de Maputo, durante a qual vai escalar o distrito de Namaacha, onde ir\u00e1 dirigir a cerim\u00f3nia de lan\u00e7amento da Semana<\/p>\n<p><!--more--><\/p>\n<p style=\"margin: 6px 0px; font-family: Helvetica, Arial, sans-serif; color: #1d2129; font-size: 14px;\">Nacional da Sa\u00fade, atrav\u00e9s da administra\u00e7\u00e3o da Vitamina \u201cA\u201d.<\/p>\n<p style=\"margin: 6px 0px; font-family: Helvetica, Arial, sans-serif; color: #1d2129; font-size: 14px;\">Isaura Nyusi vai, igualmente, participar numa sess\u00e3o de aconselhamento do planeamento familiar, proceder \u00e0 entrega de carteiras de p\u00edlula<span class=\"text_exposed_show\" style=\"display: inline; font-family: inherit;\">s e demonstra\u00e7\u00e3o do registo civil de crian\u00e7as rec\u00e9m-nascidas ainda n\u00e3o registadas.<\/span><\/p>\n<div class=\"text_exposed_show\" style=\"display: inline; font-family: Helvetica, Arial, sans-serif; color: #1d2129; font-size: 14px;\">\n<p style=\"margin: 0px 0px 6px; font-family: inherit;\">Nesta visita, a primeira-dama faz-se acompanhar pela ministra da Sa\u00fade, Nazira Abdula, representantes do Minist\u00e9rio da Justi\u00e7a, Assuntos Constitucionais e Religiosos, bem como por quadros e parceiros do Gabinete da Esposa do Presidente da Rep\u00fablica.<\/p>\n<\/div>\n","protected":false},"excerpt":{"rendered":"<p>A primeira-dama da Rep\u00fablica, Isaura Nyusi, efectua, hoje (30 de Outubro de 2017) uma visita de trabalho \u00e0 prov\u00edncia de Maputo, durante a qual vai escalar o distrito de Namaacha, onde ir\u00e1 dirigir a cerim\u00f3nia de lan\u00e7amento da Semana Nacional da Sa\u00fade, atrav\u00e9s da administra\u00e7\u00e3o da Vitamina \u201cA\u201d. Isaura Nyusi vai, igualmente, participar numa sess\u00e3o &hellip;<\/p>\n","protected":false},"author":1,"featured_media":0,"comment_status":"open","ping_status":"open","sticky":false,"template":"","format":"standard","meta":{"_jetpack_memberships_contains_paid_content":false,"footnotes":""},"categories":[4],"tags":[],"class_list":["post-2053","post","type-post","status-publish","format-standard","hentry","category-outras"],"jetpack_featured_media_url":"","jetpack_sharing_enabled":true,"_links":{"self":[{"href":"https:\/\/www.frelimo.org.mz\/index.php?rest_route=\/wp\/v2\/posts\/2053","targetHints":{"allow":["GET"]}}],"collection":[{"href":"https:\/\/www.frelimo.org.mz\/index.php?rest_route=\/wp\/v2\/posts"}],"about":[{"href":"https:\/\/www.frelimo.org.mz\/index.php?rest_route=\/wp\/v2\/types\/post"}],"author":[{"embeddable":true,"href":"https:\/\/www.frelimo.org.mz\/index.php?rest_route=\/wp\/v2\/users\/1"}],"replies":[{"embeddable":true,"href":"https:\/\/www.frelimo.org.mz\/index.php?rest_route=%2Fwp%2Fv2%2Fcomments&post=2053"}],"version-history":[{"count":0,"href":"https:\/\/www.frelimo.org.mz\/index.php?rest_route=\/wp\/v2\/posts\/2053\/revisions"}],"wp:attachment":[{"href":"https:\/\/www.frelimo.org.mz\/index.php?rest_route=%2Fwp%2Fv2%2Fmedia&parent=2053"}],"wp:term":[{"taxonomy":"category","embeddable":true,"href":"https:\/\/www.frelimo.org.mz\/index.php?rest_route=%2Fwp%2Fv2%2Fcategories&post=2053"},{"taxonomy":"post_tag","embeddable":true,"href":"https:\/\/www.frelimo.org.mz\/index.php?rest_route=%2Fwp%2Fv2%2Ftags&post=2053"}],"curies":[{"name":"wp","href":"https:\/\/api.w.org\/{rel}","templated":true}]}}