{"id":2052,"date":"2017-10-30T00:00:00","date_gmt":"2017-10-30T00:00:00","guid":{"rendered":"https:\/\/www.frelimo.org.mz\/?p=2052"},"modified":"2017-10-30T00:00:00","modified_gmt":"2017-10-30T00:00:00","slug":"frelimo-e-nyusi-unidos-por-uma-vitoria-certa","status":"publish","type":"post","link":"https:\/\/www.frelimo.org.mz\/?p=2052","title":{"rendered":"FRELIMO E NYUSI UNIDOS POR UMA VIT\u00d3RIA CERTA"},"content":{"rendered":"<p style=\"margin: 6px 0px; font-family: Helvetica, Arial, sans-serif; color: #1d2129; font-size: 14px;\">A cidade de Nampula acordou, hoje, debaixo de fracos chuviscos, entretendo as cores vivas que as bandeiras soltavam quando pouco a pouco o sol abria as nuv\u00e9ns cinzentas. Era assim, o pren\u00fancio da vit\u00f3ria esmagadora da FRELIMO nos<\/p>\n<p><!--more--><\/p>\n<p style=\"margin: 6px 0px; font-family: Helvetica, Arial, sans-serif; color: #1d2129; font-size: 14px;\">pr\u00f3ximos pleitos eleitorais.<\/p>\n<p style=\"margin: 6px 0px; font-family: Helvetica, Arial, sans-serif; color: #1d2129; font-size: 14px;\">Enquanto a popula\u00e7\u00e3o concentrava-se naquela manh\u00e3, as bandeiras coloridas da Rep\u00fablica, do Partido e das Organiza\u00e7\u00f5es Sociais j\u00e1 indicavam que al\u00ed seria o palco do com\u00edcio que&nbsp;<span class=\"text_exposed_show\" style=\"display: inline; font-family: inherit;\">marcava o encerramento da forma\u00e7\u00e3o dos membros do Comit\u00ea Central eleitos no 11\u00b0 Congresso e a sua apresenta\u00e7\u00e3o \u00e0 ao povo mo\u00e7ambicano.<\/span><\/p>\n<div class=\"text_exposed_show\" style=\"display: inline; font-family: Helvetica, Arial, sans-serif; color: #1d2129; font-size: 14px;\">\n<p style=\"margin: 0px 0px 6px; font-family: inherit;\">Por outro lado, foi um momento \u00edmpar da divulga\u00e7\u00e3o das principais decis\u00f5es tomadas no 11\u00b0 Congresso e na \u00faltima Sess\u00e3o Ordin\u00e1ria da Comiss\u00e3o Pol\u00edtica da FRELIMO rumo \u00e0 vit\u00f3ria retumbante e esmagadora nas pr\u00f3ximas elei\u00e7\u00f5es de 2018\/2019.<\/p>\n<p style=\"margin: 6px 0px; font-family: inherit;\">Actuaram naquele palco conceituados m\u00fasicos da prov\u00edncia de Nampula, assim como alguns refor\u00e7os idos da cidade de Maputo, como \u00e9 o caso do Mr. Bow e Mc Roger.<\/p>\n<\/div>\n","protected":false},"excerpt":{"rendered":"<p>A cidade de Nampula acordou, hoje, debaixo de fracos chuviscos, entretendo as cores vivas que as bandeiras soltavam quando pouco a pouco o sol abria as nuv\u00e9ns cinzentas. Era assim, o pren\u00fancio da vit\u00f3ria esmagadora da FRELIMO nos pr\u00f3ximos pleitos eleitorais. Enquanto a popula\u00e7\u00e3o concentrava-se naquela manh\u00e3, as bandeiras coloridas da Rep\u00fablica, do Partido e &hellip;<\/p>\n","protected":false},"author":1,"featured_media":0,"comment_status":"open","ping_status":"open","sticky":false,"template":"","format":"standard","meta":{"_jetpack_memberships_contains_paid_content":false,"footnotes":""},"categories":[4],"tags":[],"class_list":["post-2052","post","type-post","status-publish","format-standard","hentry","category-outras"],"jetpack_featured_media_url":"","jetpack_sharing_enabled":true,"_links":{"self":[{"href":"https:\/\/www.frelimo.org.mz\/index.php?rest_route=\/wp\/v2\/posts\/2052","targetHints":{"allow":["GET"]}}],"collection":[{"href":"https:\/\/www.frelimo.org.mz\/index.php?rest_route=\/wp\/v2\/posts"}],"about":[{"href":"https:\/\/www.frelimo.org.mz\/index.php?rest_route=\/wp\/v2\/types\/post"}],"author":[{"embeddable":true,"href":"https:\/\/www.frelimo.org.mz\/index.php?rest_route=\/wp\/v2\/users\/1"}],"replies":[{"embeddable":true,"href":"https:\/\/www.frelimo.org.mz\/index.php?rest_route=%2Fwp%2Fv2%2Fcomments&post=2052"}],"version-history":[{"count":0,"href":"https:\/\/www.frelimo.org.mz\/index.php?rest_route=\/wp\/v2\/posts\/2052\/revisions"}],"wp:attachment":[{"href":"https:\/\/www.frelimo.org.mz\/index.php?rest_route=%2Fwp%2Fv2%2Fmedia&parent=2052"}],"wp:term":[{"taxonomy":"category","embeddable":true,"href":"https:\/\/www.frelimo.org.mz\/index.php?rest_route=%2Fwp%2Fv2%2Fcategories&post=2052"},{"taxonomy":"post_tag","embeddable":true,"href":"https:\/\/www.frelimo.org.mz\/index.php?rest_route=%2Fwp%2Fv2%2Ftags&post=2052"}],"curies":[{"name":"wp","href":"https:\/\/api.w.org\/{rel}","templated":true}]}}