{"id":2021,"date":"2017-10-01T21:25:15","date_gmt":"2017-10-01T21:25:15","guid":{"rendered":"https:\/\/www.frelimo.org.mz\/?p=2021"},"modified":"2017-10-01T21:25:15","modified_gmt":"2017-10-01T21:25:15","slug":"roque-silva-e-o-novo-secretario-geral-da-frelimo","status":"publish","type":"post","link":"https:\/\/www.frelimo.org.mz\/?p=2021","title":{"rendered":"Roque Silva \u00e9 o novo Secret\u00e1rio-geral da Frelimo"},"content":{"rendered":"<p>ROQUE Silva Samuel, vice-ministro da Administra\u00e7\u00e3o Estatal e Fun\u00e7\u00e3o P\u00fablica, \u00e9 o novo secret\u00e1rio-geral do partido Frelimo, eleito na noite de ontem pelo Comit\u00e9 Central sa\u00eddo do XI Congresso. Formado em Administra\u00e7\u00e3o P\u00fablica, Roque Silva, substitui Eliseu Machava, que vinha exercendo o cargo<\/p>\n<p><!--more--><\/p>\n<p>nos \u00faltimos cinco anos.<\/p>\n<p>Tido como homem de muita ac\u00e7\u00e3o e imagina\u00e7\u00e3o, o novo secret\u00e1rio-geral da Frelimo foi eleito com 96.41 por cento dos 195 membros do Comit\u00e9 Central, numa lista em que se apresentava como candidato \u00fanico.<\/p>\n<p>Natural do distrito de Morrumbene, prov\u00edncia de Inhambane, Roque Silva vai chefiar um secretariado composto por quatro membros, tamb\u00e9m eleitos ontem pelo Comit\u00e9 Central. Trata-se de Chakil Abubacar, que concorria para a continuidade, Francisco Mucanheia, Caifadine Manasse (ambos deputados) e S\u00f3nia Macuvele, pela renova\u00e7\u00e3o.<\/p>\n<p>Dados em nosso poder d\u00e3o conta que o novo secret\u00e1rio-geral dever\u00e1 apresentar na pr\u00f3xima sess\u00e3o do Comit\u00e9 Central nomes de mais integrantes da sua equipa, consoante as \u00e1reas de trabalho que achar necess\u00e1rio criar.<\/p>\n<p>O anterior secretariado do \u00f3rg\u00e3o era composto por oito membros, incluindo o secret\u00e1rio-geral. Faziam parte do elenco Ant\u00f3nio Niquice, Jos\u00e9 Tomo Psico, Agostinho Trinta, Chakil Abucabar, Esperan\u00e7a Bias, Helena Muando e Aida Libombo.<\/p>\n<p>Roque Silva j\u00e1 desempenhou as fun\u00e7\u00f5es de administrador do distrito de Manjacaze, em Gaza, e primeiro secret\u00e1rio do Comit\u00e9 Provincial do partido Frelimo nesta prov\u00edncia. Ainda ontem, o Comit\u00e9 Central elegeu, na sua I sess\u00e3o, o Comit\u00e9 de Verifica\u00e7\u00e3o, chefiado por Raimundo Maico Diomba, actual governador da prov\u00edncia de Maputo.<\/p>\n<p>Diomba, eleito com 99.49 por cento, substitui no cargo Jos\u00e9 Pacheco. Candidataram-se para o \u00f3rg\u00e3o nove elementos, nomeadamente Joana Mondlane, Ivo Garrido, Filipe Sitoe, Pedro Ingl\u00eas, Francisco Cabo, Jos\u00e9 Chichava, Elias Muambo, Fernanda Mo\u00e7ambique Tonela e a jovem deputada Helena M\u00fasica.<\/p>\n<p>Ainda ontem, o Comit\u00e9 Central elegeu a Comiss\u00e3o Pol\u00edtica, composta por 17 membros.<\/p>\n<p>Na sua primeira interven\u00e7\u00e3o, curta mas eloquente, o novo secret\u00e1rio-geral da Frelimo disse que a sua equipa tem consci\u00eancia dos desafios que os esperam, deixando claro que est\u00e1 preparada para enfrent\u00e1-los.<\/p>\n<p>Roque Silva afirmou haver clareza do trabalho que deve ser feito, pois o secretariado do Comit\u00e9 Central guiar-se-\u00e1 pelos instrumentos do partido e pelo discurso do presidente da Frelimo proferido na abertura do XI Congresso. Tamb\u00e9m vai contar com o apoio de todos \u201cos camaradas\u201d, em particular do secret\u00e1rio-geral cessante, Eliseu Machava, que considera detentor de uma experi\u00eancia que \u00e9 patrim\u00f3nio da Frelimo.<\/p>\n","protected":false},"excerpt":{"rendered":"<p>ROQUE Silva Samuel, vice-ministro da Administra\u00e7\u00e3o Estatal e Fun\u00e7\u00e3o P\u00fablica, \u00e9 o novo secret\u00e1rio-geral do partido Frelimo, eleito na noite de ontem pelo Comit\u00e9 Central sa\u00eddo do XI Congresso. Formado em Administra\u00e7\u00e3o P\u00fablica, Roque Silva, substitui Eliseu Machava, que vinha exercendo o cargo nos \u00faltimos cinco anos. Tido como homem de muita ac\u00e7\u00e3o e imagina\u00e7\u00e3o, &hellip;<\/p>\n","protected":false},"author":1,"featured_media":0,"comment_status":"open","ping_status":"open","sticky":false,"template":"","format":"standard","meta":{"_jetpack_memberships_contains_paid_content":false,"footnotes":""},"categories":[4],"tags":[],"class_list":["post-2021","post","type-post","status-publish","format-standard","hentry","category-outras"],"jetpack_featured_media_url":"","jetpack_sharing_enabled":true,"_links":{"self":[{"href":"https:\/\/www.frelimo.org.mz\/index.php?rest_route=\/wp\/v2\/posts\/2021","targetHints":{"allow":["GET"]}}],"collection":[{"href":"https:\/\/www.frelimo.org.mz\/index.php?rest_route=\/wp\/v2\/posts"}],"about":[{"href":"https:\/\/www.frelimo.org.mz\/index.php?rest_route=\/wp\/v2\/types\/post"}],"author":[{"embeddable":true,"href":"https:\/\/www.frelimo.org.mz\/index.php?rest_route=\/wp\/v2\/users\/1"}],"replies":[{"embeddable":true,"href":"https:\/\/www.frelimo.org.mz\/index.php?rest_route=%2Fwp%2Fv2%2Fcomments&post=2021"}],"version-history":[{"count":0,"href":"https:\/\/www.frelimo.org.mz\/index.php?rest_route=\/wp\/v2\/posts\/2021\/revisions"}],"wp:attachment":[{"href":"https:\/\/www.frelimo.org.mz\/index.php?rest_route=%2Fwp%2Fv2%2Fmedia&parent=2021"}],"wp:term":[{"taxonomy":"category","embeddable":true,"href":"https:\/\/www.frelimo.org.mz\/index.php?rest_route=%2Fwp%2Fv2%2Fcategories&post=2021"},{"taxonomy":"post_tag","embeddable":true,"href":"https:\/\/www.frelimo.org.mz\/index.php?rest_route=%2Fwp%2Fv2%2Ftags&post=2021"}],"curies":[{"name":"wp","href":"https:\/\/api.w.org\/{rel}","templated":true}]}}