{"id":2020,"date":"2017-10-01T16:32:30","date_gmt":"2017-10-01T16:32:30","guid":{"rendered":"https:\/\/www.frelimo.org.mz\/?p=2020"},"modified":"2017-10-01T16:32:30","modified_gmt":"2017-10-01T16:32:30","slug":"ja-sao-conhecidos-os-membros-do-comite-central","status":"publish","type":"post","link":"https:\/\/www.frelimo.org.mz\/?p=2020","title":{"rendered":"J\u00e1 s\u00e3o conhecidos os membros do Comit\u00e9 Central"},"content":{"rendered":"<p>Acabam de ser apresentados, os membros eleitos para o Comit\u00e9 Central da Frelimo.<\/p>\n<p>Roque Silva, novo Secret\u00e1rio Geral da FRELIMO<\/p>\n<p>RAIMUNDO DIOMBA, Secret\u00e1rio para \u00e1rea de verifica\u00e7\u00e3o<\/p>\n<p>Confira a lista:<\/p>\n<p><!--more--><\/p>\n<p>&nbsp;Lista Renova\u00e7\u00e3o Homens:<\/p>\n<p>Jaime Bas\u00edlio Monteiro<br \/>Carlos do Ros\u00e1rio <br \/>Carlos Mussanhane <br \/>Carlos Mesquita <br \/>Agostinho Mondlane<br \/>Eus\u00e9bio Lambo<\/p>\n<p>Lista Continuidade Mulheres:<br \/>Ver\u00f3nica Macamo<br \/>Margarida Talapa <br \/>Carmelita Namachulua <br \/>Alcinda Abreu <br \/>Lu\u00edsa Diogo<br \/>Conceita Sortane<br \/>Nyeleti Mondlane <br \/>Luc\u00edlia Hama <br \/>Esperan\u00e7a Bias<br \/>Gra\u00e7a Machel <br \/>Catarina Dimande<br \/>Marina Pachinuapa<br \/>Helena Muando<\/p>\n<p>Lista Continuidade Homens:<br \/>Alberto Chipande <br \/>Eliseu Machava<br \/>Feliciano Gundana <br \/>Eduardo Mulembwe <br \/>Raimundo Pachinuapa <br \/>Marcelino dos Santos <br \/>Eneas Comiche <br \/>Aires Aly <br \/>Samora Machel Jr <br \/>Filipe Paunde <br \/>Agostinhol Trinta <br \/>\u00c9dson Macuacua <br \/>Sergio Pantie <br \/>Alberto Vaquina <br \/>Niquice <br \/>Psico <br \/>Celso Correia <br \/>Manuel Tom\u00e9 <br \/>Tom\u00e1s Salom\u00e3o <br \/>Carvalho Muaria <br \/>Eduardo Mariamo Abdula<br \/>Jos\u00e9 Pacheco <br \/>Chakil Aboobacar<\/p>\n<p>Lista Renova\u00e7\u00e3o Mulheres:<br \/>Cid\u00e1lia Chauque<br \/>Maria Fernanda Mo\u00e7ambique Tonela<br \/>Lucinda Santo<br \/>S\u00f4nia Mucavel<\/p>\n<p>Lista Renova\u00e7\u00e3o Jovens Homens:<br \/>Alberto Chipande J\u00fanior <br \/>Lic\u00ednio Mauaie <br \/>Milton Valente<br \/>Dominique Phiri<\/p>\n<p>Renova\u00e7\u00e3o Jovens Mulheres:<br \/>Anchia Talapa<br \/>Mariana Cupane<\/p>\n<p>Renova\u00e7\u00e3o \u00c1reas Econ\u00f3micas:<br \/>Bruno Morgado<br \/>Namoto Chipande<br \/>Salimo Val\u00e1<\/p>\n","protected":false},"excerpt":{"rendered":"<p>Acabam de ser apresentados, os membros eleitos para o Comit\u00e9 Central da Frelimo. Roque Silva, novo Secret\u00e1rio Geral da FRELIMO RAIMUNDO DIOMBA, Secret\u00e1rio para \u00e1rea de verifica\u00e7\u00e3o Confira a lista: &nbsp;Lista Renova\u00e7\u00e3o Homens: Jaime Bas\u00edlio MonteiroCarlos do Ros\u00e1rio Carlos Mussanhane Carlos Mesquita Agostinho MondlaneEus\u00e9bio Lambo Lista Continuidade Mulheres:Ver\u00f3nica MacamoMargarida Talapa Carmelita Namachulua Alcinda Abreu Lu\u00edsa &hellip;<\/p>\n","protected":false},"author":1,"featured_media":0,"comment_status":"open","ping_status":"open","sticky":false,"template":"","format":"standard","meta":{"_jetpack_memberships_contains_paid_content":false,"footnotes":""},"categories":[4],"tags":[],"class_list":["post-2020","post","type-post","status-publish","format-standard","hentry","category-outras"],"jetpack_featured_media_url":"","jetpack_sharing_enabled":true,"_links":{"self":[{"href":"https:\/\/www.frelimo.org.mz\/index.php?rest_route=\/wp\/v2\/posts\/2020","targetHints":{"allow":["GET"]}}],"collection":[{"href":"https:\/\/www.frelimo.org.mz\/index.php?rest_route=\/wp\/v2\/posts"}],"about":[{"href":"https:\/\/www.frelimo.org.mz\/index.php?rest_route=\/wp\/v2\/types\/post"}],"author":[{"embeddable":true,"href":"https:\/\/www.frelimo.org.mz\/index.php?rest_route=\/wp\/v2\/users\/1"}],"replies":[{"embeddable":true,"href":"https:\/\/www.frelimo.org.mz\/index.php?rest_route=%2Fwp%2Fv2%2Fcomments&post=2020"}],"version-history":[{"count":0,"href":"https:\/\/www.frelimo.org.mz\/index.php?rest_route=\/wp\/v2\/posts\/2020\/revisions"}],"wp:attachment":[{"href":"https:\/\/www.frelimo.org.mz\/index.php?rest_route=%2Fwp%2Fv2%2Fmedia&parent=2020"}],"wp:term":[{"taxonomy":"category","embeddable":true,"href":"https:\/\/www.frelimo.org.mz\/index.php?rest_route=%2Fwp%2Fv2%2Fcategories&post=2020"},{"taxonomy":"post_tag","embeddable":true,"href":"https:\/\/www.frelimo.org.mz\/index.php?rest_route=%2Fwp%2Fv2%2Ftags&post=2020"}],"curies":[{"name":"wp","href":"https:\/\/api.w.org\/{rel}","templated":true}]}}