{"id":1999,"date":"2017-09-25T17:07:56","date_gmt":"2017-09-25T17:07:56","guid":{"rendered":"https:\/\/www.frelimo.org.mz\/?p=1999"},"modified":"2017-09-25T17:07:56","modified_gmt":"2017-09-25T17:07:56","slug":"comemora-se-hoje-dia-25-de-setembro-o-dia-das-forcas-armadas-de-defesa-de-mocambique","status":"publish","type":"post","link":"https:\/\/www.frelimo.org.mz\/?p=1999","title":{"rendered":"Comemora-se hoje, dia 25 de Setembro, o dia das For\u00e7as Armadas de Defesa de Mo\u00e7ambique."},"content":{"rendered":"<p>Comemora-se hoje, dia 25 de Setembro, o dia das For\u00e7as Armadas de Defesa de Mo\u00e7ambique. Reza a Hist\u00f3ria de Mo\u00e7ambique que foi nesta data, no ano de 1964, que guerrilheiros da Frente de Liberta\u00e7\u00e3o de Mo\u00e7ambique (FRELIMO), encabe\u00e7ados por Alberto Chipande, assaltaram o Posto<\/p>\n<p><!--more--><\/p>\n<p>Administrativo do Chai, Prov\u00edncia de Cabo Delgado, norte de Mo\u00e7ambique, iniciando a Luta Armada de Liberta\u00e7\u00e3o Nacional.<\/p>\n<p>No dia seguinte, o Comit\u00e9 Central da Frelimo, baseado em Dar-es-Salam, capital da Tanz\u00e2nia, lan\u00e7ou a palavra de ordem hist\u00f3rica de desencadeamento da insurrei\u00e7\u00e3o armada do povo mo\u00e7ambicano contra o colonialismo portugu\u00eas.&nbsp;<\/p>\n<p>\u201cEm Vosso nome a Frelimo proclama hoje, solenemente, a insurrei\u00e7\u00e3o geral armada do povo mo\u00e7ambicano contra o colonialismo portugu\u00eas, para a conquista total e completa de Mo\u00e7ambique. O nosso combate n\u00e3o cessar\u00e1 sen\u00e3o com a liquida\u00e7\u00e3o total e completa do colonialismo portugu\u00eas.\u201d<\/p>\n","protected":false},"excerpt":{"rendered":"<p>Comemora-se hoje, dia 25 de Setembro, o dia das For\u00e7as Armadas de Defesa de Mo\u00e7ambique. Reza a Hist\u00f3ria de Mo\u00e7ambique que foi nesta data, no ano de 1964, que guerrilheiros da Frente de Liberta\u00e7\u00e3o de Mo\u00e7ambique (FRELIMO), encabe\u00e7ados por Alberto Chipande, assaltaram o Posto Administrativo do Chai, Prov\u00edncia de Cabo Delgado, norte de Mo\u00e7ambique, iniciando &hellip;<\/p>\n","protected":false},"author":1,"featured_media":0,"comment_status":"open","ping_status":"open","sticky":false,"template":"","format":"standard","meta":{"_jetpack_memberships_contains_paid_content":false,"footnotes":""},"categories":[4],"tags":[],"class_list":["post-1999","post","type-post","status-publish","format-standard","hentry","category-outras"],"jetpack_featured_media_url":"","jetpack_sharing_enabled":true,"_links":{"self":[{"href":"https:\/\/www.frelimo.org.mz\/index.php?rest_route=\/wp\/v2\/posts\/1999","targetHints":{"allow":["GET"]}}],"collection":[{"href":"https:\/\/www.frelimo.org.mz\/index.php?rest_route=\/wp\/v2\/posts"}],"about":[{"href":"https:\/\/www.frelimo.org.mz\/index.php?rest_route=\/wp\/v2\/types\/post"}],"author":[{"embeddable":true,"href":"https:\/\/www.frelimo.org.mz\/index.php?rest_route=\/wp\/v2\/users\/1"}],"replies":[{"embeddable":true,"href":"https:\/\/www.frelimo.org.mz\/index.php?rest_route=%2Fwp%2Fv2%2Fcomments&post=1999"}],"version-history":[{"count":0,"href":"https:\/\/www.frelimo.org.mz\/index.php?rest_route=\/wp\/v2\/posts\/1999\/revisions"}],"wp:attachment":[{"href":"https:\/\/www.frelimo.org.mz\/index.php?rest_route=%2Fwp%2Fv2%2Fmedia&parent=1999"}],"wp:term":[{"taxonomy":"category","embeddable":true,"href":"https:\/\/www.frelimo.org.mz\/index.php?rest_route=%2Fwp%2Fv2%2Fcategories&post=1999"},{"taxonomy":"post_tag","embeddable":true,"href":"https:\/\/www.frelimo.org.mz\/index.php?rest_route=%2Fwp%2Fv2%2Ftags&post=1999"}],"curies":[{"name":"wp","href":"https:\/\/api.w.org\/{rel}","templated":true}]}}