{"id":1987,"date":"2017-09-21T15:20:11","date_gmt":"2017-09-21T15:20:11","guid":{"rendered":"https:\/\/www.frelimo.org.mz\/?p=1987"},"modified":"2017-09-21T15:20:11","modified_gmt":"2017-09-21T15:20:11","slug":"nyusi-agradece-confianca-na-sua-recandidatura-a-lideranca-da-frelimo","status":"publish","type":"post","link":"https:\/\/www.frelimo.org.mz\/?p=1987","title":{"rendered":"NYUSI AGRADECE CONFIAN\u00c7A NA SUA RECANDIDATURA \u00c0 LIDERAN\u00c7A DA FRELIMO"},"content":{"rendered":"<p>A partir do momento em que a Comiss\u00e3o Pol\u00edtica tomou a posi\u00e7\u00e3o, entrei numa fase de reflex\u00e3o profunda; o que \u00e9 dirigir a FRELIMO ? Dirigir a FRELIMO significa resolver problemas dos mo\u00e7ambicanos, significa transportar os ideais e os<\/p>\n<p><!--more--><\/p>\n<p>objectivos sempre presentes em todos os ciclos, em todos os momentos. Este gesto considero como uma oportunidade que nos d\u00e3o para todos os mo\u00e7ambicanos solidarizarem-se com a reflex\u00e3o da Comiss\u00e3o Pol\u00edtica, mas como sempre disse, se me permitirem com a minha reflex\u00e3o\u201d, disse o Presidente da FRELIMO.<\/p>\n","protected":false},"excerpt":{"rendered":"<p>A partir do momento em que a Comiss\u00e3o Pol\u00edtica tomou a posi\u00e7\u00e3o, entrei numa fase de reflex\u00e3o profunda; o que \u00e9 dirigir a FRELIMO ? Dirigir a FRELIMO significa resolver problemas dos mo\u00e7ambicanos, significa transportar os ideais e os objectivos sempre presentes em todos os ciclos, em todos os momentos. Este gesto considero como uma &hellip;<\/p>\n","protected":false},"author":1,"featured_media":0,"comment_status":"open","ping_status":"open","sticky":false,"template":"","format":"standard","meta":{"_jetpack_memberships_contains_paid_content":false,"footnotes":""},"categories":[4],"tags":[],"class_list":["post-1987","post","type-post","status-publish","format-standard","hentry","category-outras"],"jetpack_featured_media_url":"","jetpack_sharing_enabled":true,"_links":{"self":[{"href":"https:\/\/www.frelimo.org.mz\/index.php?rest_route=\/wp\/v2\/posts\/1987","targetHints":{"allow":["GET"]}}],"collection":[{"href":"https:\/\/www.frelimo.org.mz\/index.php?rest_route=\/wp\/v2\/posts"}],"about":[{"href":"https:\/\/www.frelimo.org.mz\/index.php?rest_route=\/wp\/v2\/types\/post"}],"author":[{"embeddable":true,"href":"https:\/\/www.frelimo.org.mz\/index.php?rest_route=\/wp\/v2\/users\/1"}],"replies":[{"embeddable":true,"href":"https:\/\/www.frelimo.org.mz\/index.php?rest_route=%2Fwp%2Fv2%2Fcomments&post=1987"}],"version-history":[{"count":0,"href":"https:\/\/www.frelimo.org.mz\/index.php?rest_route=\/wp\/v2\/posts\/1987\/revisions"}],"wp:attachment":[{"href":"https:\/\/www.frelimo.org.mz\/index.php?rest_route=%2Fwp%2Fv2%2Fmedia&parent=1987"}],"wp:term":[{"taxonomy":"category","embeddable":true,"href":"https:\/\/www.frelimo.org.mz\/index.php?rest_route=%2Fwp%2Fv2%2Fcategories&post=1987"},{"taxonomy":"post_tag","embeddable":true,"href":"https:\/\/www.frelimo.org.mz\/index.php?rest_route=%2Fwp%2Fv2%2Ftags&post=1987"}],"curies":[{"name":"wp","href":"https:\/\/api.w.org\/{rel}","templated":true}]}}