{"id":1971,"date":"2017-09-08T07:51:53","date_gmt":"2017-09-08T07:51:53","guid":{"rendered":"https:\/\/www.frelimo.org.mz\/?p=1971"},"modified":"2017-09-08T07:51:53","modified_gmt":"2017-09-08T07:51:53","slug":"pr-dirige-cerimonia-de-graduacao-de-estudantes-da-up-em-nampula","status":"publish","type":"post","link":"https:\/\/www.frelimo.org.mz\/?p=1971","title":{"rendered":"PR dirige cerim\u00f3nia de gradua\u00e7\u00e3o de estudantes da UP em Nampula"},"content":{"rendered":"<p style=\"margin: 0px; color: #222222; font-family: arial, sans-serif; font-size: 12.8px; text-align: justify;\"><span style=\"font-family: Arial, sans-serif;\">O Presidente da Rep\u00fablica Filipe Jacinto Nyusi, dirige hoje, dia 8 de Setembro, na cidade de Nampula, a XIV Cerim\u00f3nia de Gradua\u00e7\u00e3o de estudantes da Universidade Pedag\u00f3gica &#8211; Delega\u00e7\u00e3o de Nampula.<\/span><\/p>\n<p><!--more--><\/p>\n<p style=\"margin: 0px; color: #222222; font-family: arial, sans-serif; font-size: 12.8px; text-align: justify;\">&nbsp;<\/p>\n<p style=\"margin: 0px; color: #222222; font-family: arial, sans-serif; font-size: 12.8px; text-align: justify;\"><span style=\"font-family: Arial, sans-serif;\">Nesta desloca\u00e7\u00e3o, o Presidente Nyusi far-se-\u00e1 acompanhar pela Vice-Ministra da Ci\u00eancia e Tecnologia, Ensino Superior e T\u00e9cnico Profissional, Leda Hugo, Quadros da Presid\u00eancia da Rep\u00fablica e de outras institui\u00e7\u00f5es do Estado.&nbsp;<\/span><\/p>\n<p style=\"margin: 0px; color: #222222; font-family: arial, sans-serif; font-size: 12.8px; text-align: justify;\"><span style=\"font-family: Arial, sans-serif;\">&nbsp;<\/span><\/p>\n<p style=\"margin: 0px; color: #222222; font-family: arial, sans-serif; font-size: 12.8px; text-align: justify;\"><span style=\"font-family: Arial, sans-serif;\">Anexo:<\/span><\/p>\n<p style=\"margin: 0px; color: #222222; font-family: arial, sans-serif; font-size: 12.8px; text-align: justify;\"><span style=\"font-family: Arial, sans-serif;\">&nbsp;<\/span><\/p>\n<p style=\"margin: 0px; color: #222222; font-family: arial, sans-serif; font-size: 12.8px; text-align: justify;\"><span style=\"font-family: Arial, sans-serif;\"><span style=\"font-family: arial, sans-serif; font-size: 12.8px; text-align: start;\">Discurso do Presidente da Republica na abertura oficial do V Congresso de Engenharia e VIII Congresso Luso-Mocambicano de Engenharia<\/span><\/span><\/p>\n","protected":false},"excerpt":{"rendered":"<p>O Presidente da Rep\u00fablica Filipe Jacinto Nyusi, dirige hoje, dia 8 de Setembro, na cidade de Nampula, a XIV Cerim\u00f3nia de Gradua\u00e7\u00e3o de estudantes da Universidade Pedag\u00f3gica &#8211; Delega\u00e7\u00e3o de Nampula. &nbsp; Nesta desloca\u00e7\u00e3o, o Presidente Nyusi far-se-\u00e1 acompanhar pela Vice-Ministra da Ci\u00eancia e Tecnologia, Ensino Superior e T\u00e9cnico Profissional, Leda Hugo, Quadros da Presid\u00eancia &hellip;<\/p>\n","protected":false},"author":1,"featured_media":0,"comment_status":"open","ping_status":"open","sticky":false,"template":"","format":"standard","meta":{"_jetpack_memberships_contains_paid_content":false,"footnotes":""},"categories":[4],"tags":[],"class_list":["post-1971","post","type-post","status-publish","format-standard","hentry","category-outras"],"jetpack_featured_media_url":"","jetpack_sharing_enabled":true,"_links":{"self":[{"href":"https:\/\/www.frelimo.org.mz\/index.php?rest_route=\/wp\/v2\/posts\/1971","targetHints":{"allow":["GET"]}}],"collection":[{"href":"https:\/\/www.frelimo.org.mz\/index.php?rest_route=\/wp\/v2\/posts"}],"about":[{"href":"https:\/\/www.frelimo.org.mz\/index.php?rest_route=\/wp\/v2\/types\/post"}],"author":[{"embeddable":true,"href":"https:\/\/www.frelimo.org.mz\/index.php?rest_route=\/wp\/v2\/users\/1"}],"replies":[{"embeddable":true,"href":"https:\/\/www.frelimo.org.mz\/index.php?rest_route=%2Fwp%2Fv2%2Fcomments&post=1971"}],"version-history":[{"count":0,"href":"https:\/\/www.frelimo.org.mz\/index.php?rest_route=\/wp\/v2\/posts\/1971\/revisions"}],"wp:attachment":[{"href":"https:\/\/www.frelimo.org.mz\/index.php?rest_route=%2Fwp%2Fv2%2Fmedia&parent=1971"}],"wp:term":[{"taxonomy":"category","embeddable":true,"href":"https:\/\/www.frelimo.org.mz\/index.php?rest_route=%2Fwp%2Fv2%2Fcategories&post=1971"},{"taxonomy":"post_tag","embeddable":true,"href":"https:\/\/www.frelimo.org.mz\/index.php?rest_route=%2Fwp%2Fv2%2Ftags&post=1971"}],"curies":[{"name":"wp","href":"https:\/\/api.w.org\/{rel}","templated":true}]}}