{"id":1962,"date":"2017-08-27T17:40:31","date_gmt":"2017-08-27T17:40:31","guid":{"rendered":"https:\/\/www.frelimo.org.mz\/?p=1962"},"modified":"2017-08-27T17:40:31","modified_gmt":"2017-08-27T17:40:31","slug":"frelimo-garante-que-novo-pavilhao-estara-concluido-para-acolher-xi-congresso","status":"publish","type":"post","link":"https:\/\/www.frelimo.org.mz\/?p=1962","title":{"rendered":"Frelimo garante que novo pavilh\u00e3o estar\u00e1 conclu\u00eddo para acolher XI congresso"},"content":{"rendered":"<p>Obras de reconstru\u00e7\u00e3o do Pavilh\u00e3o dos Congressos executadas a 90%<\/p>\n<p>A um m\u00eas do arranque do seu XI Congresso, a Frelimo garante que est\u00e1 tudo a posto para a realiza\u00e7\u00e3o daquele que \u00e9 o evento das maiores decis\u00f5es do partido.<\/p>\n<p><!--more--><\/p>\n<p><img loading=\"lazy\" decoding=\"async\" class=\" alignleft size-full wp-image-1961\" style=\"margin: 6px; float: left;\" src=\"https:\/\/www.frelimo.org.mz\/\/wp-content\/uploads\/2017\/08\/WhatsApp_Image_2017-08-27_at_13.42.011.jpeg\" alt=\"WhatsApp Image 2017-08-27 at 13.42.011\" width=\"485\" height=\"323\" \/><\/p>\n<p>Neste momento, as obras de reconstru\u00e7\u00e3o do Pavilh\u00e3o dos Congressos \u2013 destru\u00eddo aquando do \u00faltimo vendaval que afectou a prov\u00edncia de Maputo \u2013 na cidade da Matola, est\u00e1 a mais de 90 porcento de execu\u00e7\u00e3o.<\/p>\n<p>A garantia foi dada, sexta-feira passada, por Ant\u00f3nio Niquice, porta-voz daquela forma\u00e7\u00e3o pol\u00edtica. \u201cJ\u00e1 estamos perto dos 95 porcento de execu\u00e7\u00e3o, e acreditamos que a obra ser\u00e1 entregue dentro do prazo estabelecido.<\/p>\n<p>Isso quer dizer que est\u00e3o criadas todas as condi\u00e7\u00f5es para que o nosso congresso decorra nas novas instala\u00e7\u00f5es constru\u00eddas de raiz\u201d, garantiu Niquice para depois reiterar os agradecimentos aos membros e simpatizantes por terem contribu\u00eddo para a edifica\u00e7\u00e3o daquela infra-estrutura.<\/p>\n<p>&#8220;Estas infra-estruturas foram constru\u00eddas gra\u00e7as a contribui\u00e7\u00e3o dos membros e simpatizantes do nosso partido. Esse apoio foi em esp\u00e9cie e em materiais para a edifica\u00e7\u00e3o deste pavilh\u00e3o.<\/p>\n<p>Ademais, temos vindo a receber animais de v\u00e1rias esp\u00e9cies que servir\u00e3o para as nossas refei\u00e7\u00f5es durante esse grande evento\u201d, detalhou.<\/p>\n<p>Espera-se, no encontro, a presen\u00e7a de mais de tr\u00eas mil participantes provenientes de todo o pa\u00eds e do estrangeiro. \u201cA sala tem uma capacidade igual ou superior a 3. 500 pessoas e, nesse universo, ir\u00e1 comportar os delegados, mas tamb\u00e9m convidados que prov\u00e9m de todas as prov\u00edncias e do estrangeiro\u201d, explicou Niquice.<\/p>\n<p>Lembre-se que o 11\u00ba Congresso da Frelimo ir\u00e1 decorrer de 26 de Setembro a 1 de Outubro.<\/p>\n<p>O \u00faltimo teve lugar em Pemba, prov\u00edncia de Cabo Delgado, em 2012. O mesmo serviu para definir estrat\u00e9gias do partido para as elei\u00e7\u00f5es aut\u00e1rquicas de 2013 e gerais de 2014.<\/p>\n","protected":false},"excerpt":{"rendered":"<p>Obras de reconstru\u00e7\u00e3o do Pavilh\u00e3o dos Congressos executadas a 90% A um m\u00eas do arranque do seu XI Congresso, a Frelimo garante que est\u00e1 tudo a posto para a realiza\u00e7\u00e3o daquele que \u00e9 o evento das maiores decis\u00f5es do partido. Neste momento, as obras de reconstru\u00e7\u00e3o do Pavilh\u00e3o dos Congressos \u2013 destru\u00eddo aquando do \u00faltimo &hellip;<\/p>\n","protected":false},"author":1,"featured_media":1961,"comment_status":"open","ping_status":"open","sticky":false,"template":"","format":"standard","meta":{"_jetpack_memberships_contains_paid_content":false,"footnotes":""},"categories":[4],"tags":[],"class_list":["post-1962","post","type-post","status-publish","format-standard","has-post-thumbnail","hentry","category-outras"],"jetpack_featured_media_url":"https:\/\/www.frelimo.org.mz\/wp-content\/uploads\/2017\/08\/WhatsApp_Image_2017-08-27_at_13.42.011.jpeg","jetpack_sharing_enabled":true,"_links":{"self":[{"href":"https:\/\/www.frelimo.org.mz\/index.php?rest_route=\/wp\/v2\/posts\/1962","targetHints":{"allow":["GET"]}}],"collection":[{"href":"https:\/\/www.frelimo.org.mz\/index.php?rest_route=\/wp\/v2\/posts"}],"about":[{"href":"https:\/\/www.frelimo.org.mz\/index.php?rest_route=\/wp\/v2\/types\/post"}],"author":[{"embeddable":true,"href":"https:\/\/www.frelimo.org.mz\/index.php?rest_route=\/wp\/v2\/users\/1"}],"replies":[{"embeddable":true,"href":"https:\/\/www.frelimo.org.mz\/index.php?rest_route=%2Fwp%2Fv2%2Fcomments&post=1962"}],"version-history":[{"count":0,"href":"https:\/\/www.frelimo.org.mz\/index.php?rest_route=\/wp\/v2\/posts\/1962\/revisions"}],"wp:featuredmedia":[{"embeddable":true,"href":"https:\/\/www.frelimo.org.mz\/index.php?rest_route=\/wp\/v2\/media\/1961"}],"wp:attachment":[{"href":"https:\/\/www.frelimo.org.mz\/index.php?rest_route=%2Fwp%2Fv2%2Fmedia&parent=1962"}],"wp:term":[{"taxonomy":"category","embeddable":true,"href":"https:\/\/www.frelimo.org.mz\/index.php?rest_route=%2Fwp%2Fv2%2Fcategories&post=1962"},{"taxonomy":"post_tag","embeddable":true,"href":"https:\/\/www.frelimo.org.mz\/index.php?rest_route=%2Fwp%2Fv2%2Ftags&post=1962"}],"curies":[{"name":"wp","href":"https:\/\/api.w.org\/{rel}","templated":true}]}}