{"id":1957,"date":"2017-08-22T17:16:29","date_gmt":"2017-08-22T17:16:29","guid":{"rendered":"https:\/\/www.frelimo.org.mz\/?p=1957"},"modified":"2017-08-22T17:16:29","modified_gmt":"2017-08-22T17:16:29","slug":"isaura-nyusi-exorta-envolvimento-das-mulheres-no-processo-de-pacificacao","status":"publish","type":"post","link":"https:\/\/www.frelimo.org.mz\/?p=1957","title":{"rendered":"Isaura Nyusi exorta envolvimento das mulheres no processo de pacifica\u00e7\u00e3o"},"content":{"rendered":"<p>Primeira-dama pediu na Beira envolvimento das mulheres mo\u00e7ambicanas no processo de pacifica\u00e7\u00e3o efectiva<\/p>\n<p>A esposa do presidente da Republica, Isaura Nyusi, exortou, hoje, na cidade da Beira, a todas as mulheres mo\u00e7ambicanas, independentemente da sua<\/p>\n<p><!--more--><\/p>\n<p>cor pol\u00edtica e fun\u00e7\u00e3o, para se envolver de forma activa com actos e palavras no processo de pacifica\u00e7\u00e3o efectiva do pa\u00eds. Isaura Nyusi, que est\u00e1 em Sofala em visita de trabalho, indicou que os esfor\u00e7os do Presidente da Rep\u00fablica por si s\u00f3 s\u00e3o insuficientes para Mo\u00e7ambique alcan\u00e7ar uma paz efectiva e duradoura.<\/p>\n<p>A primeira-dama visitar\u00e1 os distritos de Muanza, Cheringoma, Caia e Gorongosa.<\/p>\n<p>No distrito de Caia, a esposa do Chefe do Estado ir\u00e1 fazer a credita\u00e7\u00e3o de uma maternidade modelo.<\/p>\n<p>A visita da primeira-dama terminar\u00e1 pr\u00f3xima sexta-feira, onde est\u00e3o agendados interac\u00e7\u00f5es com mulheres e pessoas idosas, assim como a sua participa\u00e7\u00e3o num semin\u00e1rio sobre acesso \u00e0 justi\u00e7a e ao direito em Mo\u00e7ambique.<\/p>\n","protected":false},"excerpt":{"rendered":"<p>Primeira-dama pediu na Beira envolvimento das mulheres mo\u00e7ambicanas no processo de pacifica\u00e7\u00e3o efectiva A esposa do presidente da Republica, Isaura Nyusi, exortou, hoje, na cidade da Beira, a todas as mulheres mo\u00e7ambicanas, independentemente da sua cor pol\u00edtica e fun\u00e7\u00e3o, para se envolver de forma activa com actos e palavras no processo de pacifica\u00e7\u00e3o efectiva do &hellip;<\/p>\n","protected":false},"author":1,"featured_media":0,"comment_status":"open","ping_status":"open","sticky":false,"template":"","format":"standard","meta":{"_jetpack_memberships_contains_paid_content":false,"footnotes":""},"categories":[4],"tags":[],"class_list":["post-1957","post","type-post","status-publish","format-standard","hentry","category-outras"],"jetpack_featured_media_url":"","jetpack_sharing_enabled":true,"_links":{"self":[{"href":"https:\/\/www.frelimo.org.mz\/index.php?rest_route=\/wp\/v2\/posts\/1957","targetHints":{"allow":["GET"]}}],"collection":[{"href":"https:\/\/www.frelimo.org.mz\/index.php?rest_route=\/wp\/v2\/posts"}],"about":[{"href":"https:\/\/www.frelimo.org.mz\/index.php?rest_route=\/wp\/v2\/types\/post"}],"author":[{"embeddable":true,"href":"https:\/\/www.frelimo.org.mz\/index.php?rest_route=\/wp\/v2\/users\/1"}],"replies":[{"embeddable":true,"href":"https:\/\/www.frelimo.org.mz\/index.php?rest_route=%2Fwp%2Fv2%2Fcomments&post=1957"}],"version-history":[{"count":0,"href":"https:\/\/www.frelimo.org.mz\/index.php?rest_route=\/wp\/v2\/posts\/1957\/revisions"}],"wp:attachment":[{"href":"https:\/\/www.frelimo.org.mz\/index.php?rest_route=%2Fwp%2Fv2%2Fmedia&parent=1957"}],"wp:term":[{"taxonomy":"category","embeddable":true,"href":"https:\/\/www.frelimo.org.mz\/index.php?rest_route=%2Fwp%2Fv2%2Fcategories&post=1957"},{"taxonomy":"post_tag","embeddable":true,"href":"https:\/\/www.frelimo.org.mz\/index.php?rest_route=%2Fwp%2Fv2%2Ftags&post=1957"}],"curies":[{"name":"wp","href":"https:\/\/api.w.org\/{rel}","templated":true}]}}