{"id":1902,"date":"2017-07-08T04:06:14","date_gmt":"2017-07-08T04:06:14","guid":{"rendered":"https:\/\/www.frelimo.org.mz\/?p=1902"},"modified":"2017-07-08T04:06:14","modified_gmt":"2017-07-08T04:06:14","slug":"comissao-politica-comunicado-de-imprensa-18","status":"publish","type":"post","link":"https:\/\/www.frelimo.org.mz\/?p=1902","title":{"rendered":"COMISS\u00c3O POL\u00cdTICA &#8211; COMUNICADO DE IMPRENSA"},"content":{"rendered":"<p style=\"line-height: 1.38; margin-top: 0pt; margin-bottom: 5pt; text-align: justify;\" dir=\"ltr\"><span style=\"font-size: 13pt; font-family: Times; background-color: transparent; vertical-align: baseline; white-space: pre-wrap;\">Sob direc\u00e7\u00e3o do Camarada FILIPE JACINTO NYUSI, Presidente da FRELIMO e Presidente da Rep\u00fablica de Mo\u00e7ambique, teve lugar, no dia 05 de Julho de 2017, na Sede Nacional da FRELIMO, a 91a Sess\u00e3o<\/span><\/p>\n<p><!--more--><\/p>\n<p style=\"line-height: 1.38; margin-top: 0pt; margin-bottom: 5pt; text-align: justify;\" dir=\"ltr\"><span style=\"font-size: 13pt; font-family: Times; background-color: transparent; vertical-align: baseline; white-space: pre-wrap;\">Ordin\u00e1ria da Comiss\u00e3o Pol\u00edtica, com o objectivo de analisar a actual situa\u00e7\u00e3o pol\u00edtica, econ\u00f3mica e social do pa\u00eds.<\/span><\/p>\n<p style=\"line-height: 1.38; margin-top: 0pt; margin-bottom: 5pt; text-align: justify;\" dir=\"ltr\"><span style=\"font-size: 13pt; font-family: Times; background-color: transparent; vertical-align: baseline; white-space: pre-wrap;\">1. A Comiss\u00e3o Pol\u00edtica sa\u00fada o Povo mo\u00e7ambicano pela sua participa\u00e7\u00e3o massiva nas celebra\u00e7\u00e3o dos 42 anos da Independ\u00eancia Nacional e das comemora\u00e7\u00f5es dos 55 anos da funda\u00e7\u00e3o da FRELIMO. Foram momentos de festa e de exalta\u00e7\u00e3o da nossa mo\u00e7ambicanidade e de conquistas alcan\u00e7adas com sacrif\u00edcio, valentia e heroicidade dos mo\u00e7ambicanos obreiros da nossa nacionalidade.<\/span><\/p>\n<p style=\"line-height: 1.38; margin-top: 0pt; margin-bottom: 5pt; text-align: justify;\" dir=\"ltr\"><span style=\"font-size: 13pt; font-family: Times; background-color: transparent; vertical-align: baseline; white-space: pre-wrap;\">2. A Comiss\u00e3o Pol\u00edtica considera que as Visitas Presidenciais do Camarada Presidente FILIPE JACINTO NYUSI, em especial a Prov\u00edncia de Tete, constituem um momento previlegiado de refor\u00e7o da governa\u00e7\u00e3o, da avalia\u00e7\u00e3o do grau de implementa\u00e7\u00e3o do Programa Quinquenal do Governo e de promo\u00e7\u00e3o do desenvolvimento econ\u00f3mico e social sustent\u00e1vel. A interac\u00e7\u00e3o com a popula\u00e7\u00e3o ao longo de todo o pa\u00eds permite a troca de ideais na busca de melhores solu\u00e7\u00f5es para os problemas do pa\u00eds.<\/span><\/p>\n<p style=\"line-height: 1.38; margin-top: 0pt; margin-bottom: 5pt; text-align: justify;\" dir=\"ltr\"><span style=\"font-size: 13pt; font-family: Times; background-color: transparent; vertical-align: baseline; white-space: pre-wrap;\">3. A Comiss\u00e3o Pol\u00edtica felicita o Povo mo\u00e7ambicano pela cont\u00ednua convic\u00e7\u00e3o e firmeza de que o trabalho \u00e9 o meio pelo qual pode alcan\u00e7ar o desenvolvimento, que todos almejamos.<\/span><\/p>\n<p style=\"line-height: 1.38; margin-top: 0pt; margin-bottom: 5pt; text-align: justify;\" dir=\"ltr\"><span style=\"font-size: 13pt; font-family: Times; background-color: transparent; vertical-align: baseline; white-space: pre-wrap;\">4. A Comiss\u00e3o Pol\u00edtica sa\u00fada o Governo pelas ac\u00e7oes que incentivam a cultura de trabalho, o desenvolvimento do capital humano, para a reafirma\u00e7\u00e3o de Mo\u00e7ambique na rota do desenvolvimento. Mostra disso foi a recente gradua\u00e7\u00e3o dos primeiros licenciados da Universidade<\/span><\/p>\n<p style=\"line-height: 1.38; margin-top: 0pt; margin-bottom: 5pt;\" dir=\"ltr\"><span style=\"font-size: 13pt; font-family: Times; background-color: transparent; vertical-align: baseline; white-space: pre-wrap;\">Nachingwea (UNA), realizada na cidade da Matola, Prov\u00edncia de Maputo, sob direc\u00e7\u00e3o do Camarada Presidente FILIPE JACINTO NYUSI.<\/span><\/p>\n<p style=\"line-height: 1.38; margin-top: 0pt; margin-bottom: 5pt; text-align: justify;\" dir=\"ltr\"><span style=\"font-size: 13pt; font-family: Times; background-color: transparent; vertical-align: baseline; white-space: pre-wrap;\">5. A Comiss\u00e3o Pol\u00edtica anotou com satisfa\u00e7\u00e3o que como fruto da governa\u00e7\u00e3o virada para resultados, foi retomada a produ\u00e7\u00e3o e processamento de Grafite de Ancuabe, Prov\u00edncia de Cabo Delgado, o que marca uma etapa de um processo de crescimento do sector mineiro, acto importante para a ind\u00fastria enquanto principal factor dinamizador e decisivo do pa\u00eds.<\/span><\/p>\n<p style=\"line-height: 1.38; margin-top: 0pt; margin-bottom: 5pt; text-align: justify;\" dir=\"ltr\"><span style=\"font-size: 13pt; font-family: Times; background-color: transparent; vertical-align: baseline; white-space: pre-wrap;\">6. A Comiss\u00e3o Pol\u00edtica felicita o Banco de Mo\u00e7ambique, pela inaugura\u00e7\u00e3o do complexo de edif\u00edcios do Banco de Central. Estas infra-estruturas n\u00e3o s\u00f3 dignificam o Banco Central, como vem responder aos requisitos de qualidade t\u00e9cnica e de seguran\u00e7a exigidas actualmente em institui\u00e7\u00f5es desta natureza.<\/span><\/p>\n<p style=\"line-height: 1.38; margin-top: 0pt; margin-bottom: 5pt;\" dir=\"ltr\"><span style=\"font-size: 13pt; font-family: Times; background-color: transparent; vertical-align: baseline; white-space: pre-wrap;\">7. A Comiss\u00e3o Pol\u00edtica avaliou os preparativos para realiza\u00e7\u00e3o do 11o Congresso da FRELIMO, a ter lugar, de 26 de Setembro a 01 de Outubro, na Prov\u00edncia de Maputo, Cidade da Matola e exorta os membros, militantes e simpatizantes, bem como a popula\u00e7\u00e3o em geral a fazerem desta reuni\u00e3o, um momento de refor\u00e7o da unidade nacional, de aumento de produ\u00e7\u00e3o e produtividade.<\/span><\/p>\n<p style=\"line-height: 1.38; margin-top: 0pt; margin-bottom: 5pt; text-align: center;\" dir=\"ltr\"><span style=\"font-size: 13pt; font-family: Times; background-color: transparent; font-weight: bold; vertical-align: baseline; white-space: pre-wrap;\">UNIDADE, PAZ E DESENVOLVIMENTO<\/span><\/p>\n<p style=\"line-height: 1.38; margin-top: 0pt; margin-bottom: 5pt; text-align: center;\" dir=\"ltr\"><span style=\"font-size: 13pt; font-family: Times; background-color: transparent; font-weight: bold; vertical-align: baseline; white-space: pre-wrap;\">FRELIMO, A FOR\u00c7A DA MUDAN\u00c7A<\/span><\/p>\n<p><span style=\"font-size: 13pt; font-family: Times; background-color: transparent; font-weight: bold; vertical-align: baseline; white-space: pre-wrap;\">&nbsp;<\/span><\/p>\n","protected":false},"excerpt":{"rendered":"<p>Sob direc\u00e7\u00e3o do Camarada FILIPE JACINTO NYUSI, Presidente da FRELIMO e Presidente da Rep\u00fablica de Mo\u00e7ambique, teve lugar, no dia 05 de Julho de 2017, na Sede Nacional da FRELIMO, a 91a Sess\u00e3o Ordin\u00e1ria da Comiss\u00e3o Pol\u00edtica, com o objectivo de analisar a actual situa\u00e7\u00e3o pol\u00edtica, econ\u00f3mica e social do pa\u00eds. 1. A Comiss\u00e3o Pol\u00edtica &hellip;<\/p>\n","protected":false},"author":1,"featured_media":0,"comment_status":"open","ping_status":"open","sticky":false,"template":"","format":"standard","meta":{"_jetpack_memberships_contains_paid_content":false,"footnotes":""},"categories":[4],"tags":[],"class_list":["post-1902","post","type-post","status-publish","format-standard","hentry","category-outras"],"jetpack_featured_media_url":"","jetpack_sharing_enabled":true,"_links":{"self":[{"href":"https:\/\/www.frelimo.org.mz\/index.php?rest_route=\/wp\/v2\/posts\/1902","targetHints":{"allow":["GET"]}}],"collection":[{"href":"https:\/\/www.frelimo.org.mz\/index.php?rest_route=\/wp\/v2\/posts"}],"about":[{"href":"https:\/\/www.frelimo.org.mz\/index.php?rest_route=\/wp\/v2\/types\/post"}],"author":[{"embeddable":true,"href":"https:\/\/www.frelimo.org.mz\/index.php?rest_route=\/wp\/v2\/users\/1"}],"replies":[{"embeddable":true,"href":"https:\/\/www.frelimo.org.mz\/index.php?rest_route=%2Fwp%2Fv2%2Fcomments&post=1902"}],"version-history":[{"count":0,"href":"https:\/\/www.frelimo.org.mz\/index.php?rest_route=\/wp\/v2\/posts\/1902\/revisions"}],"wp:attachment":[{"href":"https:\/\/www.frelimo.org.mz\/index.php?rest_route=%2Fwp%2Fv2%2Fmedia&parent=1902"}],"wp:term":[{"taxonomy":"category","embeddable":true,"href":"https:\/\/www.frelimo.org.mz\/index.php?rest_route=%2Fwp%2Fv2%2Fcategories&post=1902"},{"taxonomy":"post_tag","embeddable":true,"href":"https:\/\/www.frelimo.org.mz\/index.php?rest_route=%2Fwp%2Fv2%2Ftags&post=1902"}],"curies":[{"name":"wp","href":"https:\/\/api.w.org\/{rel}","templated":true}]}}