{"id":1900,"date":"2017-07-03T04:32:27","date_gmt":"2017-07-03T04:32:27","guid":{"rendered":"https:\/\/www.frelimo.org.mz\/?p=1900"},"modified":"2017-07-03T04:32:27","modified_gmt":"2017-07-03T04:32:27","slug":"pr-satisfeito-com-implantacao-do-pes-em-tete","status":"publish","type":"post","link":"https:\/\/www.frelimo.org.mz\/?p=1900","title":{"rendered":"PR SATISFEITO COM IMPLANTA\u00c7\u00c3O DO PES EM TETE"},"content":{"rendered":"<div class=\"itemIntroText\" style=\"margin: 0px; padding: 4px 0px 12px; border: 0px; outline: 0px; font-size: 13px; vertical-align: baseline; background-image: initial; background-position: initial; background-repeat: initial; background-attachment: initial; line-height: inherit; color: #444444; font-family: Arial, Helvetica, sans-serif;\">\n<p style=\"margin: 0.5em 0px; padding: 0px; border: 0px; outline: 0px; vertical-align: baseline; background: transparent; text-align: justify; line-height: 19.5px;\"><span style=\"margin: 0px; padding: 0px; border: 0px; outline: 0px; font-size: 12pt; vertical-align: baseline; background: transparent; line-height: 24px; font-family: Verdana, sans-serif;\">O Presidente da Rep\u00fablica, Filipe Nyusi, faz um balan\u00e7o positivo da visita \u00e0 Tete, a avaliar pelo bom desempenho da prov\u00edncia na implanta\u00e7\u00e3o do Plano Econ\u00f3mico e Social (PES).<\/span><\/p>\n<p><!--more--><\/p>\n<p style=\"margin: 0.5em 0px; padding: 0px; border: 0px; outline: 0px; vertical-align: baseline; background: transparent; text-align: justify; line-height: 19.5px;\"><span style=\"margin: 0px; padding: 0px; border: 0px; outline: 0px; font-size: 12pt; vertical-align: baseline; background: transparent; line-height: 24px; font-family: Verdana, sans-serif;\"><\/span><\/p>\n<\/div>\n<div class=\"itemFullText\" style=\"margin: 0px; padding: 0px; border: 0px; outline: 0px; font-size: 13px; vertical-align: baseline; background-image: initial; background-position: initial; background-repeat: initial; background-attachment: initial; color: #444444; font-family: Arial, Helvetica, sans-serif;\">\n<p style=\"margin: 0.5em 0px; padding: 0px; border: 0px; outline: 0px; vertical-align: baseline; background: transparent; text-align: justify; line-height: 19.5px;\"><span style=\"margin: 0px; padding: 0px; border: 0px; outline: 0px; font-size: 12pt; vertical-align: baseline; background: transparent; line-height: 24px; font-family: Verdana, sans-serif;\">Nyusi falava, este s\u00e1bado, no fim da visita de tr\u00eas dias \u00e0 prov\u00edncia de Tete e destacou o crescimento da produ\u00e7\u00e3o global em cerca de quarenta por cento.<\/span><\/p>\n<p style=\"margin: 0.5em 0px; padding: 0px; border: 0px; outline: 0px; vertical-align: baseline; background: transparent; text-align: justify; line-height: 19.5px;\"><span style=\"margin: 0px; padding: 0px; border: 0px; outline: 0px; font-size: 12pt; vertical-align: baseline; background: transparent; line-height: 24px; font-family: Verdana, sans-serif;\">\u201cSa\u00edmos satisfeitos com a prov\u00edncia de Tete, com o trabalho que est\u00e1 a fazer. Tenho que dizer que os n\u00fameros est\u00e3o a falar, est\u00e3o a falar bem e conseguimos sempre que fosse assim. Os indicadores que j\u00e1 atingimos n\u00e3o podem mais cair. Deixamos tamb\u00e9m recomenda\u00e7\u00f5es a n\u00edvel da escolariza\u00e7\u00e3o, mais raparigas, mais alunos, mas o que mais nos assusta aqui, n\u00e3o h\u00e1 muito gosto pelo ensino t\u00e9cnico-profissional. Ent\u00e3o temos que fazer um trabalho de sensibilizar a juventude, que \u00e9 l\u00e1 onde se ganha o saber fazer, que todos os sectores t\u00eam que combater a corrup\u00e7\u00e3o. Ter\u00e3o que aumentar mais a fiscaliza\u00e7\u00e3o florestal e da pesca nas albufeiras e rios, \u00e9 extremamente importante isso\u201d , destacou o Chefe do Estado.<\/span><\/p>\n<\/div>\n","protected":false},"excerpt":{"rendered":"<p>O Presidente da Rep\u00fablica, Filipe Nyusi, faz um balan\u00e7o positivo da visita \u00e0 Tete, a avaliar pelo bom desempenho da prov\u00edncia na implanta\u00e7\u00e3o do Plano Econ\u00f3mico e Social (PES). Nyusi falava, este s\u00e1bado, no fim da visita de tr\u00eas dias \u00e0 prov\u00edncia de Tete e destacou o crescimento da produ\u00e7\u00e3o global em cerca de quarenta &hellip;<\/p>\n","protected":false},"author":1,"featured_media":0,"comment_status":"open","ping_status":"open","sticky":false,"template":"","format":"standard","meta":{"_jetpack_memberships_contains_paid_content":false,"footnotes":""},"categories":[4],"tags":[],"class_list":["post-1900","post","type-post","status-publish","format-standard","hentry","category-outras"],"jetpack_featured_media_url":"","jetpack_sharing_enabled":true,"_links":{"self":[{"href":"https:\/\/www.frelimo.org.mz\/index.php?rest_route=\/wp\/v2\/posts\/1900","targetHints":{"allow":["GET"]}}],"collection":[{"href":"https:\/\/www.frelimo.org.mz\/index.php?rest_route=\/wp\/v2\/posts"}],"about":[{"href":"https:\/\/www.frelimo.org.mz\/index.php?rest_route=\/wp\/v2\/types\/post"}],"author":[{"embeddable":true,"href":"https:\/\/www.frelimo.org.mz\/index.php?rest_route=\/wp\/v2\/users\/1"}],"replies":[{"embeddable":true,"href":"https:\/\/www.frelimo.org.mz\/index.php?rest_route=%2Fwp%2Fv2%2Fcomments&post=1900"}],"version-history":[{"count":0,"href":"https:\/\/www.frelimo.org.mz\/index.php?rest_route=\/wp\/v2\/posts\/1900\/revisions"}],"wp:attachment":[{"href":"https:\/\/www.frelimo.org.mz\/index.php?rest_route=%2Fwp%2Fv2%2Fmedia&parent=1900"}],"wp:term":[{"taxonomy":"category","embeddable":true,"href":"https:\/\/www.frelimo.org.mz\/index.php?rest_route=%2Fwp%2Fv2%2Fcategories&post=1900"},{"taxonomy":"post_tag","embeddable":true,"href":"https:\/\/www.frelimo.org.mz\/index.php?rest_route=%2Fwp%2Fv2%2Ftags&post=1900"}],"curies":[{"name":"wp","href":"https:\/\/api.w.org\/{rel}","templated":true}]}}