{"id":1896,"date":"2017-06-28T22:00:00","date_gmt":"2017-06-28T22:00:00","guid":{"rendered":"https:\/\/www.frelimo.org.mz\/?p=1896"},"modified":"2017-06-28T22:00:00","modified_gmt":"2017-06-28T22:00:00","slug":"mocambique-so-pode-desenvolver-se-estiver-em-paz-pr","status":"publish","type":"post","link":"https:\/\/www.frelimo.org.mz\/?p=1896","title":{"rendered":"\u201cMO\u00c7AMBIQUE S\u00d3 PODE DESENVOLVER SE ESTIVER EM PAZ\u201d- PR"},"content":{"rendered":"<div class=\"itemIntroText\" style=\"margin: 0px; padding: 4px 0px 12px; border: 0px; outline: 0px; font-size: 13px; vertical-align: baseline; background-image: initial; background-position: initial; background-repeat: initial; background-attachment: initial; line-height: inherit; color: #444444; font-family: Arial, Helvetica, sans-serif;\">\n<p style=\"margin: 0.5em 0px; padding: 0px; border: 0px; outline: 0px; vertical-align: baseline; background: transparent;\">O Presidente da Rep\u00fablica, Filipe Nyusi, reitera que o pa\u00eds s\u00f3 pode desenvolver se estiver em Paz.<br \/><span style=\"background-color: transparent;\">Nyusi falava, esta quinta-feira, em Cahora Bassa, no in\u00edcio da sua visita \u00e0 prov\u00edncia de Tete.<\/span><\/p>\n<\/div>\n<div class=\"itemFullText\" style=\"margin: 0px; padding: 0px; border: 0px; outline: 0px; font-size: 13px; vertical-align: baseline; background-image: initial; background-position: initial; background-repeat: initial; background-attachment: initial; color: #444444; font-family: Arial, Helvetica, sans-serif;\">\n<p style=\"margin: 0.5em 0px; padding: 0px; border: 0px; outline: 0px; vertical-align: baseline; background: transparent;\">Na ocasi\u00e3o, o Chefe do Estado apelou os mo\u00e7ambicanos a continuarem a trabalhar para o desenvolvimento s\u00f3cio-econ\u00f3mico do pa\u00eds.<br \/>\u201c Exortarmos para continuarem a trabalhar, para continuarem serenos tolerantes; n\u00e3o ser aqueles que provocam outras pessoas. Temos que entre n\u00f3s passarmos a mensagem de paz, n\u00e3o a mensagem de \u00f3dio, de confus\u00e3o, nem de incita\u00e7\u00e3o \u00e0 viol\u00eancia. \u00c9 da paz, para podermos construir Mo\u00e7ambique. O vizinho que veio dizer, olha, faz confus\u00e3o, n\u00e3o vai \u00e0 machamba, n\u00e3o limpa a sua casa, n\u00e3o \u00e9 bom vizinho porque ele limpa a casa dele, vai \u00e0 machamba dele, mas est\u00e1 dizer a voc\u00ea para n\u00e3o ir fazer aquilo de deve fazer; esse n\u00e3o \u00e9 bom vizinho\u201d, frisou o Chefe do Estado, Filipe Nyusi.&nbsp;<\/p>\n<\/div>\n","protected":false},"excerpt":{"rendered":"<p>O Presidente da Rep\u00fablica, Filipe Nyusi, reitera que o pa\u00eds s\u00f3 pode desenvolver se estiver em Paz.Nyusi falava, esta quinta-feira, em Cahora Bassa, no in\u00edcio da sua visita \u00e0 prov\u00edncia de Tete. Na ocasi\u00e3o, o Chefe do Estado apelou os mo\u00e7ambicanos a continuarem a trabalhar para o desenvolvimento s\u00f3cio-econ\u00f3mico do pa\u00eds.\u201c Exortarmos para continuarem a &hellip;<\/p>\n","protected":false},"author":1,"featured_media":0,"comment_status":"open","ping_status":"open","sticky":false,"template":"","format":"standard","meta":{"_jetpack_memberships_contains_paid_content":false,"footnotes":""},"categories":[4],"tags":[],"class_list":["post-1896","post","type-post","status-publish","format-standard","hentry","category-outras"],"jetpack_featured_media_url":"","jetpack_sharing_enabled":true,"_links":{"self":[{"href":"https:\/\/www.frelimo.org.mz\/index.php?rest_route=\/wp\/v2\/posts\/1896","targetHints":{"allow":["GET"]}}],"collection":[{"href":"https:\/\/www.frelimo.org.mz\/index.php?rest_route=\/wp\/v2\/posts"}],"about":[{"href":"https:\/\/www.frelimo.org.mz\/index.php?rest_route=\/wp\/v2\/types\/post"}],"author":[{"embeddable":true,"href":"https:\/\/www.frelimo.org.mz\/index.php?rest_route=\/wp\/v2\/users\/1"}],"replies":[{"embeddable":true,"href":"https:\/\/www.frelimo.org.mz\/index.php?rest_route=%2Fwp%2Fv2%2Fcomments&post=1896"}],"version-history":[{"count":0,"href":"https:\/\/www.frelimo.org.mz\/index.php?rest_route=\/wp\/v2\/posts\/1896\/revisions"}],"wp:attachment":[{"href":"https:\/\/www.frelimo.org.mz\/index.php?rest_route=%2Fwp%2Fv2%2Fmedia&parent=1896"}],"wp:term":[{"taxonomy":"category","embeddable":true,"href":"https:\/\/www.frelimo.org.mz\/index.php?rest_route=%2Fwp%2Fv2%2Fcategories&post=1896"},{"taxonomy":"post_tag","embeddable":true,"href":"https:\/\/www.frelimo.org.mz\/index.php?rest_route=%2Fwp%2Fv2%2Ftags&post=1896"}],"curies":[{"name":"wp","href":"https:\/\/api.w.org\/{rel}","templated":true}]}}