{"id":1892,"date":"2017-06-26T22:00:00","date_gmt":"2017-06-26T22:00:00","guid":{"rendered":"https:\/\/www.frelimo.org.mz\/?p=1892"},"modified":"2017-06-26T22:00:00","modified_gmt":"2017-06-26T22:00:00","slug":"relatorio-da-kroll-e-um-alerta-para-uma-boa-gestao-de-financas-publicas-pr","status":"publish","type":"post","link":"https:\/\/www.frelimo.org.mz\/?p=1892","title":{"rendered":"Relat\u00f3rio da Kroll \u00e9 um alerta para uma boa gestao de finan\u00e7as p\u00fablicas \u2013 PR"},"content":{"rendered":"<p style=\"margin: 0px; color: #222222; font-family: arial, sans-serif; font-size: 12.8px; text-align: justify;\"><span style=\"font-size: 12pt; line-height: 17.12px;\">As recomenda\u00e7\u00f5es constantes do relat\u00f3rio da auditoria internacional da Kroll dever\u00e3o contribuir para o cont\u00ednuo fortalecimento do sistema de controlo e gest\u00e3o de finan\u00e7as p\u00fablicas em Mo\u00e7ambique.<\/span><\/p>\n<p><!--more--><\/p>\n<p style=\"margin: 0px; color: #222222; font-family: arial, sans-serif; font-size: 12.8px; text-align: justify;\"><span style=\"font-size: 12pt; line-height: 17.12px;\"><\/span><\/p>\n<p style=\"margin: 0px; color: #222222; font-family: arial, sans-serif; font-size: 12.8px; text-align: justify;\"><span style=\"font-size: 12pt; line-height: 17.12px;\">Esta tese \u00e9 do Presidente da Rep\u00fablica, Filipe Nyusi, que falava este domingo, em Maputo, na cerim\u00f3nia alusiva as comemora\u00e7\u00f5es dos 42 anos da independ\u00eancia nacional, na Pra\u00e7a dos Her\u00f3is.<\/span><\/p>\n<p style=\"margin: 0px; color: #222222; font-family: arial, sans-serif; font-size: 12.8px; text-align: justify;\"><span style=\"font-size: 12pt; line-height: 17.12px;\">\u201cAcompanhamos com aten\u00e7\u00e3o, no s\u00e1bado, a divulga\u00e7\u00e3o, pela PGR, das conclus\u00f5es do relat\u00f3rio de auditoria internacional independente feita pela Kroll Associates UK \u00e0s empresas Ematum, Proindicus e MAM\u201d, disse o presidente.<\/span><\/p>\n","protected":false},"excerpt":{"rendered":"<p>As recomenda\u00e7\u00f5es constantes do relat\u00f3rio da auditoria internacional da Kroll dever\u00e3o contribuir para o cont\u00ednuo fortalecimento do sistema de controlo e gest\u00e3o de finan\u00e7as p\u00fablicas em Mo\u00e7ambique. Esta tese \u00e9 do Presidente da Rep\u00fablica, Filipe Nyusi, que falava este domingo, em Maputo, na cerim\u00f3nia alusiva as comemora\u00e7\u00f5es dos 42 anos da independ\u00eancia nacional, na Pra\u00e7a &hellip;<\/p>\n","protected":false},"author":1,"featured_media":0,"comment_status":"open","ping_status":"open","sticky":false,"template":"","format":"standard","meta":{"_jetpack_memberships_contains_paid_content":false,"footnotes":""},"categories":[4],"tags":[],"class_list":["post-1892","post","type-post","status-publish","format-standard","hentry","category-outras"],"jetpack_featured_media_url":"","jetpack_sharing_enabled":true,"_links":{"self":[{"href":"https:\/\/www.frelimo.org.mz\/index.php?rest_route=\/wp\/v2\/posts\/1892","targetHints":{"allow":["GET"]}}],"collection":[{"href":"https:\/\/www.frelimo.org.mz\/index.php?rest_route=\/wp\/v2\/posts"}],"about":[{"href":"https:\/\/www.frelimo.org.mz\/index.php?rest_route=\/wp\/v2\/types\/post"}],"author":[{"embeddable":true,"href":"https:\/\/www.frelimo.org.mz\/index.php?rest_route=\/wp\/v2\/users\/1"}],"replies":[{"embeddable":true,"href":"https:\/\/www.frelimo.org.mz\/index.php?rest_route=%2Fwp%2Fv2%2Fcomments&post=1892"}],"version-history":[{"count":0,"href":"https:\/\/www.frelimo.org.mz\/index.php?rest_route=\/wp\/v2\/posts\/1892\/revisions"}],"wp:attachment":[{"href":"https:\/\/www.frelimo.org.mz\/index.php?rest_route=%2Fwp%2Fv2%2Fmedia&parent=1892"}],"wp:term":[{"taxonomy":"category","embeddable":true,"href":"https:\/\/www.frelimo.org.mz\/index.php?rest_route=%2Fwp%2Fv2%2Fcategories&post=1892"},{"taxonomy":"post_tag","embeddable":true,"href":"https:\/\/www.frelimo.org.mz\/index.php?rest_route=%2Fwp%2Fv2%2Ftags&post=1892"}],"curies":[{"name":"wp","href":"https:\/\/api.w.org\/{rel}","templated":true}]}}