{"id":1881,"date":"2017-06-16T10:56:06","date_gmt":"2017-06-16T10:56:06","guid":{"rendered":"https:\/\/www.frelimo.org.mz\/?p=1881"},"modified":"2017-06-16T10:56:06","modified_gmt":"2017-06-16T10:56:06","slug":"eleicoes-internas-nove-primeiros-secretarios-provinciais-renovam-mandatos","status":"publish","type":"post","link":"https:\/\/www.frelimo.org.mz\/?p=1881","title":{"rendered":"ELEI\u00c7\u00d5ES INTERNAS: NOVE PRIMEIROS SECRET\u00c1RIOS PROVINCIAIS RENOVAM MANDATOS"},"content":{"rendered":"<p>O Secret\u00e1rio do Comit\u00e9 Central para Mobiliza\u00e7\u00e3o e Propaganda e Porta-voz da FRELIMO, Ant\u00f3nio Niquice, disse, hoje em Maputo, em Confer\u00eancia de Imprensa que 09 Primeiros Secret\u00e1rios Provinciais renovaram as pastas nas confer\u00eancias realizadas, de 10 a 11 de<\/p>\n<p><!--more--><\/p>\n<p>Junho corrente, em todo pa\u00eds.<\/p>\n<p>Falando aos jornalistas, Ant\u00f3nio Niquice deu nota positiva ao balan\u00e7o das confer\u00eancias ordin\u00e1rias do partido, que visavam eleger novos \u00f3rg\u00e3os de direc\u00e7\u00e3o das estruturas da FRELIMO ao n\u00edvel nacional, bem como aos 119 membros candidatos ao Comit\u00e9 Central, que dever\u00e3o ser escrutinados no 11\u00ba Congresso, de 26 de Setembro e 1 de Outubro, do ano em curso.<\/p>\n<p>Niquice disse ainda que nas prov\u00edncias de Maputo e Inhambane foram eleitos novos Primeiros Secret\u00e1rios e olhando para equidade de g\u00e9nero, na prov\u00edncia de Manica foi reconduzida Ana Maria Chapo ao cargo de Primeira Secret\u00e1ria Provincial.<\/p>\n<p>Segundo Niquice, acaba de cair a parte interm\u00e9dia das elei\u00e7\u00f5es internas, e as confer\u00eancias serviram de instrumento de uni\u00e3o e coes\u00e3o interna da FRELIMO, bem como serviram de anti-c\u00e2mera ao 11\u00ba Congresso, refor\u00e7ando a democracia participativa nos debates acesos e criativos dos membros.<\/p>\n<p>&#8220;A fase que se segue ser\u00e1 preenchida por ac\u00e7\u00f5es de forma\u00e7\u00e3o e capacita\u00e7\u00e3o dos \u00f3rg\u00e3os rec\u00e9m eleitos como foi sempre apan\u00e1gio da FRELIMO&#8221;, acrescentou.<\/p>\n<p>As Confer\u00eancias Provinciais elegeram igualmente 1770 delegados ao 11\u00ba Congresso, de um universo de 3000 previstos.<\/p>\n","protected":false},"excerpt":{"rendered":"<p>O Secret\u00e1rio do Comit\u00e9 Central para Mobiliza\u00e7\u00e3o e Propaganda e Porta-voz da FRELIMO, Ant\u00f3nio Niquice, disse, hoje em Maputo, em Confer\u00eancia de Imprensa que 09 Primeiros Secret\u00e1rios Provinciais renovaram as pastas nas confer\u00eancias realizadas, de 10 a 11 de Junho corrente, em todo pa\u00eds. Falando aos jornalistas, Ant\u00f3nio Niquice deu nota positiva ao balan\u00e7o das &hellip;<\/p>\n","protected":false},"author":1,"featured_media":0,"comment_status":"open","ping_status":"open","sticky":false,"template":"","format":"standard","meta":{"_jetpack_memberships_contains_paid_content":false,"footnotes":""},"categories":[4],"tags":[],"class_list":["post-1881","post","type-post","status-publish","format-standard","hentry","category-outras"],"jetpack_featured_media_url":"","jetpack_sharing_enabled":true,"_links":{"self":[{"href":"https:\/\/www.frelimo.org.mz\/index.php?rest_route=\/wp\/v2\/posts\/1881","targetHints":{"allow":["GET"]}}],"collection":[{"href":"https:\/\/www.frelimo.org.mz\/index.php?rest_route=\/wp\/v2\/posts"}],"about":[{"href":"https:\/\/www.frelimo.org.mz\/index.php?rest_route=\/wp\/v2\/types\/post"}],"author":[{"embeddable":true,"href":"https:\/\/www.frelimo.org.mz\/index.php?rest_route=\/wp\/v2\/users\/1"}],"replies":[{"embeddable":true,"href":"https:\/\/www.frelimo.org.mz\/index.php?rest_route=%2Fwp%2Fv2%2Fcomments&post=1881"}],"version-history":[{"count":0,"href":"https:\/\/www.frelimo.org.mz\/index.php?rest_route=\/wp\/v2\/posts\/1881\/revisions"}],"wp:attachment":[{"href":"https:\/\/www.frelimo.org.mz\/index.php?rest_route=%2Fwp%2Fv2%2Fmedia&parent=1881"}],"wp:term":[{"taxonomy":"category","embeddable":true,"href":"https:\/\/www.frelimo.org.mz\/index.php?rest_route=%2Fwp%2Fv2%2Fcategories&post=1881"},{"taxonomy":"post_tag","embeddable":true,"href":"https:\/\/www.frelimo.org.mz\/index.php?rest_route=%2Fwp%2Fv2%2Ftags&post=1881"}],"curies":[{"name":"wp","href":"https:\/\/api.w.org\/{rel}","templated":true}]}}