{"id":1878,"date":"2017-06-11T22:00:00","date_gmt":"2017-06-11T22:00:00","guid":{"rendered":"https:\/\/www.frelimo.org.mz\/?p=1878"},"modified":"2017-06-11T22:00:00","modified_gmt":"2017-06-11T22:00:00","slug":"nyusi-efectua-visita-de-trabalho-aos-eua","status":"publish","type":"post","link":"https:\/\/www.frelimo.org.mz\/?p=1878","title":{"rendered":"Nyusi efectua visita de trabalho aos EUA"},"content":{"rendered":"<p><span style=\"color: #1d2129; font-family: Helvetica, Arial, sans-serif; font-size: 14px;\">O Presidente da Rep\u00fablica, Filipe Nyusi, realiza, a partir de amanh\u00e3, uma visita de trabalho de tr\u00eas dias aos Estados Unidos de Am\u00e9rica.<\/span><\/p>\n<p><!--more--><\/p>\n<p><span style=\"color: #1d2129; font-family: Helvetica, Arial, sans-serif; font-size: 14px;\"><\/span><span style=\"color: #1d2129; font-family: Helvetica, Arial, sans-serif; font-size: 14px;\">Durante a visita, o Chefe do Estado vai participar na 11\u00aa Cimeira Bienal EUA-\u00c1frica e no F\u00f3rum Parlamentar entre o Conselho Corporativo para \u00c1frica (CCA) e os Congressistas.<\/span><br style=\"color: #1d2129; font-family: Helvetica, Arial, sans-serif; font-size: 14px;\" \/><span style=\"color: #1d2129; font-family: Helvetica, Arial, sans-serif; font-size: 14px;\">A visita do Presidente da Rep\u00fablica aos Estados Unidos da Am\u00e9rica inscreve-se na consolid<\/span><span class=\"text_exposed_show\" style=\"display: inline; font-family: Helvetica, Arial, sans-serif; color: #1d2129; font-size: 14px;\">a\u00e7\u00e3o e aprofundamento das rela\u00e7\u00f5es de amizade e coopera\u00e7\u00e3o entre os dois pa\u00edses, nos dom\u00ednios bilateral e internacional.<br \/>Durante a visita, o Presidente da Rep\u00fablica ir\u00e1 manter conversa\u00e7\u00f5es oficiais com o Secret\u00e1rio do Estado, Rex Tillerson e manter\u00e1 encontros com outros membros do Governo americano, bem como com institui\u00e7\u00f5es econ\u00f3mico-financeiras e cient\u00edficas, para al\u00e9m de conceder audi\u00eancias a diversas individualidades daquele pa\u00eds.<br \/><\/span><\/p>\n","protected":false},"excerpt":{"rendered":"<p>O Presidente da Rep\u00fablica, Filipe Nyusi, realiza, a partir de amanh\u00e3, uma visita de trabalho de tr\u00eas dias aos Estados Unidos de Am\u00e9rica. Durante a visita, o Chefe do Estado vai participar na 11\u00aa Cimeira Bienal EUA-\u00c1frica e no F\u00f3rum Parlamentar entre o Conselho Corporativo para \u00c1frica (CCA) e os Congressistas.A visita do Presidente da &hellip;<\/p>\n","protected":false},"author":1,"featured_media":0,"comment_status":"open","ping_status":"open","sticky":false,"template":"","format":"standard","meta":{"_jetpack_memberships_contains_paid_content":false,"footnotes":""},"categories":[4],"tags":[],"class_list":["post-1878","post","type-post","status-publish","format-standard","hentry","category-outras"],"jetpack_featured_media_url":"","jetpack_sharing_enabled":true,"_links":{"self":[{"href":"https:\/\/www.frelimo.org.mz\/index.php?rest_route=\/wp\/v2\/posts\/1878","targetHints":{"allow":["GET"]}}],"collection":[{"href":"https:\/\/www.frelimo.org.mz\/index.php?rest_route=\/wp\/v2\/posts"}],"about":[{"href":"https:\/\/www.frelimo.org.mz\/index.php?rest_route=\/wp\/v2\/types\/post"}],"author":[{"embeddable":true,"href":"https:\/\/www.frelimo.org.mz\/index.php?rest_route=\/wp\/v2\/users\/1"}],"replies":[{"embeddable":true,"href":"https:\/\/www.frelimo.org.mz\/index.php?rest_route=%2Fwp%2Fv2%2Fcomments&post=1878"}],"version-history":[{"count":0,"href":"https:\/\/www.frelimo.org.mz\/index.php?rest_route=\/wp\/v2\/posts\/1878\/revisions"}],"wp:attachment":[{"href":"https:\/\/www.frelimo.org.mz\/index.php?rest_route=%2Fwp%2Fv2%2Fmedia&parent=1878"}],"wp:term":[{"taxonomy":"category","embeddable":true,"href":"https:\/\/www.frelimo.org.mz\/index.php?rest_route=%2Fwp%2Fv2%2Fcategories&post=1878"},{"taxonomy":"post_tag","embeddable":true,"href":"https:\/\/www.frelimo.org.mz\/index.php?rest_route=%2Fwp%2Fv2%2Ftags&post=1878"}],"curies":[{"name":"wp","href":"https:\/\/api.w.org\/{rel}","templated":true}]}}