{"id":1864,"date":"2017-06-01T08:40:15","date_gmt":"2017-06-01T08:40:15","guid":{"rendered":"https:\/\/www.frelimo.org.mz\/?p=1864"},"modified":"2017-06-01T08:40:15","modified_gmt":"2017-06-01T08:40:15","slug":"pr-sauda-a-crianca-por-ocasiao-do-1-de-junho","status":"publish","type":"post","link":"https:\/\/www.frelimo.org.mz\/?p=1864","title":{"rendered":"PR SA\u00daDA A CRIAN\u00c7A POR OCASI\u00c3O DO 1 DE JUNHO"},"content":{"rendered":"<div class=\"itemIntroText\" style=\"margin: 0px; padding: 4px 0px 12px; border: 0px; outline: 0px; font-size: 13px; vertical-align: baseline; background-image: initial; background-position: initial; background-repeat: initial; background-attachment: initial; line-height: inherit; color: #444444; font-family: Arial, Helvetica, sans-serif;\">\n<p style=\"margin: 0.5em 0px; padding: 0px; border: 0px; outline: 0px; vertical-align: baseline; background: transparent;\">\u201cInvestir na crian\u00e7a \u00e9 garantir a concretiza\u00e7\u00e3o do sonho colectivo de construir uma Na\u00e7\u00e3o unida, pac\u00edfica e pr\u00f3spera, rumo a um mundo melhor para toda a Humanidade\u201d, refere a mensagem do Presidente da Rep\u00fablica, Filipe Nyus, recebida na nossa Redac\u00e7\u00e3o por ocasi\u00e3o do Dia<\/p>\n<p><!--more--><\/p>\n<p style=\"margin: 0.5em 0px; padding: 0px; border: 0px; outline: 0px; vertical-align: baseline; background: transparent;\">Internacional da Crian\u00e7a, que hoje se assinala.<\/p>\n<\/div>\n<div class=\"itemFullText\" style=\"margin: 0px; padding: 0px; border: 0px; outline: 0px; font-size: 13px; vertical-align: baseline; background-image: initial; background-position: initial; background-repeat: initial; background-attachment: initial; color: #444444; font-family: Arial, Helvetica, sans-serif;\">\n<p style=\"margin: 0.5em 0px; padding: 0px; border: 0px; outline: 0px; vertical-align: baseline; background: transparent;\">&nbsp;Nyusi enaltece, igualmente, a todos os que em casa, na fam\u00edlia e em institui\u00e7\u00f5es sociais, trabalham em prol da crian\u00e7a.<\/p>\n<p style=\"margin: 0.5em 0px; padding: 0px; border: 0px; outline: 0px; vertical-align: baseline; background: transparent;\">Nyusi encoraja ainda as fam\u00edlias e a sociedade mo\u00e7ambicana a reflectirem sobre as actividades e conte\u00fados educativos e de entretenimento a disponibilizar \u00e0s Flores Que Nunca Murcham, preservando a sua pureza, inoc\u00eancia, valores morais, \u00e9ticos e c\u00edvicos que as tornem patriotas \u00edntegros.<\/p>\n<p style=\"margin: 0.5em 0px; padding: 0px; border: 0px; outline: 0px; vertical-align: baseline; background: transparent;\">Na mensagem, Nyusi sublinha que a fam\u00edlia desempenha um papel fundamental, fazendo da crian\u00e7a uma prioridade, hoje e amanh\u00e3, proporcionando um ambiente sem viol\u00eancia, uma educa\u00e7\u00e3o sadia e de qualidade que concorra para o aperfei\u00e7oamento das suas habilidades e talentos.<\/p>\n<p style=\"margin: 0.5em 0px; padding: 0px; border: 0px; outline: 0px; vertical-align: baseline; background: transparent;\">\u201cO Governo continuar\u00e1 a assegurar o acesso a servi\u00e7os sociais b\u00e1sicos de educa\u00e7\u00e3o, sa\u00fade e um ambiente de paz e harmonia para que as crian\u00e7as do pa\u00eds se sintam seguras, amparadas e amadas\u201d, conclui a mensagem do Chefe do Estado.<\/p>\n<p style=\"margin: 0.5em 0px; padding: 0px; border: 0px; outline: 0px; vertical-align: baseline; background: transparent;\">O Dia Internacional da Crian\u00e7a assinala-se sob o lema: \u201cPROTEGER A CRIAN\u00c7A \u00c9 PRESERVAR A GERA\u00c7\u00c3O DE AMANH\u00c3\u201d.&nbsp;<\/p>\n<\/div>\n","protected":false},"excerpt":{"rendered":"<p>\u201cInvestir na crian\u00e7a \u00e9 garantir a concretiza\u00e7\u00e3o do sonho colectivo de construir uma Na\u00e7\u00e3o unida, pac\u00edfica e pr\u00f3spera, rumo a um mundo melhor para toda a Humanidade\u201d, refere a mensagem do Presidente da Rep\u00fablica, Filipe Nyus, recebida na nossa Redac\u00e7\u00e3o por ocasi\u00e3o do Dia Internacional da Crian\u00e7a, que hoje se assinala. &nbsp;Nyusi enaltece, igualmente, a &hellip;<\/p>\n","protected":false},"author":1,"featured_media":0,"comment_status":"open","ping_status":"open","sticky":false,"template":"","format":"standard","meta":{"_jetpack_memberships_contains_paid_content":false,"footnotes":""},"categories":[4],"tags":[],"class_list":["post-1864","post","type-post","status-publish","format-standard","hentry","category-outras"],"jetpack_featured_media_url":"","jetpack_sharing_enabled":true,"_links":{"self":[{"href":"https:\/\/www.frelimo.org.mz\/index.php?rest_route=\/wp\/v2\/posts\/1864","targetHints":{"allow":["GET"]}}],"collection":[{"href":"https:\/\/www.frelimo.org.mz\/index.php?rest_route=\/wp\/v2\/posts"}],"about":[{"href":"https:\/\/www.frelimo.org.mz\/index.php?rest_route=\/wp\/v2\/types\/post"}],"author":[{"embeddable":true,"href":"https:\/\/www.frelimo.org.mz\/index.php?rest_route=\/wp\/v2\/users\/1"}],"replies":[{"embeddable":true,"href":"https:\/\/www.frelimo.org.mz\/index.php?rest_route=%2Fwp%2Fv2%2Fcomments&post=1864"}],"version-history":[{"count":0,"href":"https:\/\/www.frelimo.org.mz\/index.php?rest_route=\/wp\/v2\/posts\/1864\/revisions"}],"wp:attachment":[{"href":"https:\/\/www.frelimo.org.mz\/index.php?rest_route=%2Fwp%2Fv2%2Fmedia&parent=1864"}],"wp:term":[{"taxonomy":"category","embeddable":true,"href":"https:\/\/www.frelimo.org.mz\/index.php?rest_route=%2Fwp%2Fv2%2Fcategories&post=1864"},{"taxonomy":"post_tag","embeddable":true,"href":"https:\/\/www.frelimo.org.mz\/index.php?rest_route=%2Fwp%2Fv2%2Ftags&post=1864"}],"curies":[{"name":"wp","href":"https:\/\/api.w.org\/{rel}","templated":true}]}}