{"id":1863,"date":"2017-06-01T08:23:28","date_gmt":"2017-06-01T08:23:28","guid":{"rendered":"https:\/\/www.frelimo.org.mz\/?p=1863"},"modified":"2017-06-01T08:23:28","modified_gmt":"2017-06-01T08:23:28","slug":"pr-inicia-visita-de-trabalho-a-cidade-de-maputo","status":"publish","type":"post","link":"https:\/\/www.frelimo.org.mz\/?p=1863","title":{"rendered":"PR Inicia Visita de Trabalho \u00e0 Cidade de Maputo"},"content":{"rendered":"<div id=\"id_593129b3b44ef8c51655280\" class=\"text_exposed_root text_exposed\" style=\"display: inline; font-family: inherit;\">O Presidente da Rep\u00fablica, Filipe Jacinto Nyusi, efectua, a partir de hoje, uma Visita Presidencial \u00e0 Cidade de Maputo.&nbsp;<br \/>\n<!--more--><br \/>\n<br \/>Na capital do pa\u00eds, o Chefe do Estado mo\u00e7ambicano vai escalar sucessivamente os distritos Municipais Kamubukwana, Kamaxaqueni, Nhlamankulu, Katembe e Kamavota onde tem agendado encontros com os Governos locais, visitas a empreendimentos de interesse econ\u00f3mico e social, com\u00edcios&nbsp;<span class=\"text_exposed_show\" style=\"display: inline; font-family: inherit;\">populares, entre outras actividades.<br \/>Nesta visita, o Presidente da Rep\u00fablica far-se-\u00e1 acompanhar pelos Ministros da Economia e Finan\u00e7as, Adriano Maleiane; do Interior, Jaime Bas\u00edlio Monteiro; da Sa\u00fade, Nazira Vali Abdula; Vice-Ministro da Administra\u00e7\u00e3o Estatal e Fun\u00e7\u00e3o P\u00fablica, Roque Silva Samuel, Governador da Prov\u00edncia de Inhambane, Daniel Chapo, Quadros da Presid\u00eancia da Rep\u00fablica e de outras institui\u00e7\u00f5es do Estado.<\/span><\/div>\n<div id=\"fbPhotoSnowliftProductsTagList\" class=\"pts fbPhotoProductsTagList\" style=\"padding-top: 5px; font-family: Helvetica, Arial, sans-serif; color: #1d2129; font-size: 12px;\">&nbsp;<\/div>\n<div id=\"fbPhotoSnowliftProductTags\" class=\"fbPhotoProductTags\" style=\"display: inline-block; width: 327.4px; font-family: Helvetica, Arial, sans-serif; color: #1d2129; font-size: 12px;\">&nbsp;<\/div>\n","protected":false},"excerpt":{"rendered":"<p>O Presidente da Rep\u00fablica, Filipe Jacinto Nyusi, efectua, a partir de hoje, uma Visita Presidencial \u00e0 Cidade de Maputo.&nbsp; Na capital do pa\u00eds, o Chefe do Estado mo\u00e7ambicano vai escalar sucessivamente os distritos Municipais Kamubukwana, Kamaxaqueni, Nhlamankulu, Katembe e Kamavota onde tem agendado encontros com os Governos locais, visitas a empreendimentos de interesse econ\u00f3mico e &hellip;<\/p>\n","protected":false},"author":1,"featured_media":0,"comment_status":"open","ping_status":"open","sticky":false,"template":"","format":"standard","meta":{"_jetpack_memberships_contains_paid_content":false,"footnotes":""},"categories":[4],"tags":[],"class_list":["post-1863","post","type-post","status-publish","format-standard","hentry","category-outras"],"jetpack_featured_media_url":"","jetpack_sharing_enabled":true,"_links":{"self":[{"href":"https:\/\/www.frelimo.org.mz\/index.php?rest_route=\/wp\/v2\/posts\/1863","targetHints":{"allow":["GET"]}}],"collection":[{"href":"https:\/\/www.frelimo.org.mz\/index.php?rest_route=\/wp\/v2\/posts"}],"about":[{"href":"https:\/\/www.frelimo.org.mz\/index.php?rest_route=\/wp\/v2\/types\/post"}],"author":[{"embeddable":true,"href":"https:\/\/www.frelimo.org.mz\/index.php?rest_route=\/wp\/v2\/users\/1"}],"replies":[{"embeddable":true,"href":"https:\/\/www.frelimo.org.mz\/index.php?rest_route=%2Fwp%2Fv2%2Fcomments&post=1863"}],"version-history":[{"count":0,"href":"https:\/\/www.frelimo.org.mz\/index.php?rest_route=\/wp\/v2\/posts\/1863\/revisions"}],"wp:attachment":[{"href":"https:\/\/www.frelimo.org.mz\/index.php?rest_route=%2Fwp%2Fv2%2Fmedia&parent=1863"}],"wp:term":[{"taxonomy":"category","embeddable":true,"href":"https:\/\/www.frelimo.org.mz\/index.php?rest_route=%2Fwp%2Fv2%2Fcategories&post=1863"},{"taxonomy":"post_tag","embeddable":true,"href":"https:\/\/www.frelimo.org.mz\/index.php?rest_route=%2Fwp%2Fv2%2Ftags&post=1863"}],"curies":[{"name":"wp","href":"https:\/\/api.w.org\/{rel}","templated":true}]}}