{"id":1853,"date":"2017-05-25T16:18:27","date_gmt":"2017-05-25T16:18:27","guid":{"rendered":"https:\/\/www.frelimo.org.mz\/?p=1853"},"modified":"2017-05-25T16:18:27","modified_gmt":"2017-05-25T16:18:27","slug":"nyusi-endereca-mensagem-por-ocasiao-do-dia-de-africa-que-hoje-se-celebra","status":"publish","type":"post","link":"https:\/\/www.frelimo.org.mz\/?p=1853","title":{"rendered":"NYUSI ENDERE\u00c7A MENSAGEM POR OCASI\u00c3O DO DIA DE \u00c1FRICA QUE HOJE SE CELEBRA"},"content":{"rendered":"<div class=\"itemIntroText\" style=\"margin: 0px; padding: 4px 0px 12px; border: 0px; outline: 0px; font-size: 13px; vertical-align: baseline; background-image: initial; background-position: initial; background-repeat: initial; background-attachment: initial; line-height: inherit; color: #444444; font-family: Arial, Helvetica, sans-serif;\">\n<p style=\"margin: 0.5em 0px; padding: 0px; border: 0px; outline: 0px; vertical-align: baseline; background: transparent;\">\u201cO Governo de Mo\u00e7ambique continuar\u00e1 empenhado na luta para o alcance das metas preconizadas pelo roteiro regional e busca de respostas adequadas \u00e0s preocupa\u00e7\u00f5es dos jovens nos n\u00edveis nacional, regional e continental.\u201d<\/p>\n<p><!--more--><\/p>\n<p style=\"margin: 0.5em 0px; padding: 0px; border: 0px; outline: 0px; vertical-align: baseline; background: transparent;\">&nbsp;<\/p>\n<\/div>\n<div class=\"itemFullText\" style=\"margin: 0px; padding: 0px; border: 0px; outline: 0px; font-size: 13px; vertical-align: baseline; background-image: initial; background-position: initial; background-repeat: initial; background-attachment: initial; color: #444444; font-family: Arial, Helvetica, sans-serif;\">\n<p style=\"margin: 0.5em 0px; padding: 0px; border: 0px; outline: 0px; vertical-align: baseline; background: transparent;\">Esta reflex\u00e3o est\u00e1 contida numa mensagem do Presidente da Rep\u00fablica, Filipe Nyusi, por ocasi\u00e3o do quinquag\u00e9simo quarto anivers\u00e1rio da Funda\u00e7\u00e3o da Organiza\u00e7\u00e3o da Unidade Africana (OUA), actual Uni\u00e3o Africana(UA) que, hoje, se assinala.<br \/>Filipe Nyusi diz que a avidez e a energia da juventude africana constituem o maior activo e a certeza do progresso que a \u00c1frica e Mo\u00e7ambique merecem.<br \/>Para o chefe do Estado, a efem\u00e9ride deve servir de \u201creflex\u00e3o para o aperfei\u00e7oamento das pol\u00edticas, estrat\u00e9gias e ac\u00e7\u00f5es que motivem os jovens a assumirem-se como o motor do desenvolvimento, atrav\u00e9s de investimentos na sa\u00fade, educa\u00e7\u00e3o, forma\u00e7\u00e3o e empregabilidade\u201d.<br \/>Nyusi exorta ainda a todos os mo\u00e7ambicanos, independentemente da filia\u00e7\u00e3o pol\u00edtica, partid\u00e1ria, religiosa, ra\u00e7a, sexo e idade a participarem, com entusiasmo e sentido de perten\u00e7a, nas actividades e eventos alusivos \u00e0 celebra\u00e7\u00e3o do Quinquag\u00e9simo Quarto Anivers\u00e1rio da Uni\u00e3o Africana que decorre sob o lema \u201cAproveitamento do Dividendo Demogr\u00e1fico atrav\u00e9s do Investimento na Juventude\u201d.<\/p>\n<p style=\"margin: 0.5em 0px; padding: 0px; border: 0px; outline: 0px; vertical-align: baseline; background: transparent;\"><strong style=\"margin: 0px; padding: 0px; border: 0px; outline: 0px; vertical-align: baseline; background: transparent;\">Dia de \u00c1frica<\/strong><\/p>\n<p style=\"margin: 0.5em 0px; padding: 0px; border: 0px; outline: 0px; vertical-align: baseline; background: transparent;\">O dia 25 de maio \u00e9 considerado o Dia de \u00c1frica porque foi neste dia, em 1963, que se criou a Organiza\u00e7\u00e3o de Unidade Africana (OUA), na Eti\u00f3pia, com o objectivo de defender e emancipar o continente africano. Em 1972, a Organiza\u00e7\u00e3o das Na\u00e7\u00f5es Unidas (ONU) estabeleceu o dia 25 de Maio como o Dia da \u00c1frica ou o Dia da Liberta\u00e7\u00e3o da \u00c1frica. Em 2002 a OUA foi substitu\u00edda pela Uni\u00e3o Africana mas a celebra\u00e7\u00e3o da data manteve-se.<br \/>Este dia recorda a luta pela independ\u00eancia do continente africano, contra a coloniza\u00e7\u00e3o europeia e contra o regime do Apartheid, assim como simboliza o desejo de um continente mais unido, organizado, desenvolvido e livre.<br \/>A data \u00e9 celebrada em v\u00e1rios pa\u00edses de \u00c1frica e pelos africanos espalhados pelo mundo. Em pa\u00edses como o Gana, o Mali, a Nam\u00edbia, a Z\u00e2mbia e o Zimbabwe, o Dia da \u00c1frica \u00e9 um feriado.<br \/><strong style=\"margin: 0px; padding: 0px; border: 0px; outline: 0px; vertical-align: baseline; background: transparent;\">Continente Africano<\/strong><br \/>A \u00c1frica apresenta 30.230.000 km\u00b2 de extens\u00e3o territorial, distribu\u00eddos em 53 pa\u00edses, sendo a Nig\u00e9ria o mais populoso. O maior pa\u00eds de \u00c1frica \u00e9 a Arg\u00e9lia, enquanto as ilhas Seychelles s\u00e3o o pa\u00eds mais pequeno. O ponto mais alto da \u00c1frica \u00e9 o Kilimanjaro (5895 m). O Lago Assal em Djibouti \u00e9 o mais baixo (155 m abaixo do n\u00edvel do mar).<br \/>\u00c9 o segundo continente com mais popula\u00e7\u00e3o do mundo e o continente ao qual pertence a grande parte da popula\u00e7\u00e3o desnutrida e onde se apresentam os maiores problemas sociais da actualidade.<br \/>O v\u00edrus do HIV apresenta a sua incid\u00eancia m\u00e1xima neste continente, que \u00e9 basicamente agr\u00e1rio (63% de popula\u00e7\u00e3o rural). Contudo, a \u00c1frica \u00e9 dona de grande diversidade de culturas e das mais belas paisagens naturais.&nbsp;<\/p>\n<\/div>\n","protected":false},"excerpt":{"rendered":"<p>\u201cO Governo de Mo\u00e7ambique continuar\u00e1 empenhado na luta para o alcance das metas preconizadas pelo roteiro regional e busca de respostas adequadas \u00e0s preocupa\u00e7\u00f5es dos jovens nos n\u00edveis nacional, regional e continental.\u201d &nbsp; Esta reflex\u00e3o est\u00e1 contida numa mensagem do Presidente da Rep\u00fablica, Filipe Nyusi, por ocasi\u00e3o do quinquag\u00e9simo quarto anivers\u00e1rio da Funda\u00e7\u00e3o da Organiza\u00e7\u00e3o &hellip;<\/p>\n","protected":false},"author":1,"featured_media":0,"comment_status":"open","ping_status":"open","sticky":false,"template":"","format":"standard","meta":{"_jetpack_memberships_contains_paid_content":false,"footnotes":""},"categories":[4],"tags":[],"class_list":["post-1853","post","type-post","status-publish","format-standard","hentry","category-outras"],"jetpack_featured_media_url":"","jetpack_sharing_enabled":true,"_links":{"self":[{"href":"https:\/\/www.frelimo.org.mz\/index.php?rest_route=\/wp\/v2\/posts\/1853","targetHints":{"allow":["GET"]}}],"collection":[{"href":"https:\/\/www.frelimo.org.mz\/index.php?rest_route=\/wp\/v2\/posts"}],"about":[{"href":"https:\/\/www.frelimo.org.mz\/index.php?rest_route=\/wp\/v2\/types\/post"}],"author":[{"embeddable":true,"href":"https:\/\/www.frelimo.org.mz\/index.php?rest_route=\/wp\/v2\/users\/1"}],"replies":[{"embeddable":true,"href":"https:\/\/www.frelimo.org.mz\/index.php?rest_route=%2Fwp%2Fv2%2Fcomments&post=1853"}],"version-history":[{"count":0,"href":"https:\/\/www.frelimo.org.mz\/index.php?rest_route=\/wp\/v2\/posts\/1853\/revisions"}],"wp:attachment":[{"href":"https:\/\/www.frelimo.org.mz\/index.php?rest_route=%2Fwp%2Fv2%2Fmedia&parent=1853"}],"wp:term":[{"taxonomy":"category","embeddable":true,"href":"https:\/\/www.frelimo.org.mz\/index.php?rest_route=%2Fwp%2Fv2%2Fcategories&post=1853"},{"taxonomy":"post_tag","embeddable":true,"href":"https:\/\/www.frelimo.org.mz\/index.php?rest_route=%2Fwp%2Fv2%2Ftags&post=1853"}],"curies":[{"name":"wp","href":"https:\/\/api.w.org\/{rel}","templated":true}]}}