{"id":1842,"date":"2017-05-17T20:26:14","date_gmt":"2017-05-17T20:26:14","guid":{"rendered":"https:\/\/www.frelimo.org.mz\/?p=1842"},"modified":"2017-05-17T20:26:14","modified_gmt":"2017-05-17T20:26:14","slug":"pr-nyusi-convida-daviz-simango-para-a-visita-oficial-ao-reino-dos-paises-baixos","status":"publish","type":"post","link":"https:\/\/www.frelimo.org.mz\/?p=1842","title":{"rendered":"PR Nyusi convida Daviz Simango para a visita oficial ao Reino dos Pa\u00edses Baixos"},"content":{"rendered":"<p style=\"margin: 0px 0px 9px; font-family: 'Droid Sans', 'Helvetica Neue', Helvetica, Arial, sans-serif; font-size: 13px;\"><span style=\"font-weight: bold;\">O Presidente da Rep\u00fablica, Filipe Jacinto Nyusi, convidou o presidente do munic\u00edpio da Beira, Daviz Simango para fazer parte da comitiva oficial que vai escalar de 17 a 19 de Maio de 2017, ao Reino dos Pa\u00edses Baixos.<\/span><\/p>\n<p><!--more--><\/p>\n<p style=\"margin: 0px 0px 9px; font-family: 'Droid Sans', 'Helvetica Neue', Helvetica, Arial, sans-serif; font-size: 13px;\"><span style=\"font-weight: bold;\"><\/span><\/p>\n<p style=\"margin: 0px 0px 9px; font-family: 'Droid Sans', 'Helvetica Neue', Helvetica, Arial, sans-serif; font-size: 13px;\">MAPUTO &#8211; Segundo o comunicado de imprensa enviado \u00e0 FOLHA DE MAPUTO, a visita do Chefe do Estado mo\u00e7ambicano surge em resposta ao convite formulado pelo Rei dos Pa\u00edses Baixos, Willem Alexander, e insere-se no quadro do aprofundamento das rela\u00e7\u00f5es de amizade, e solidariedade entre as duas Na\u00e7\u00f5es.<\/p>\n<p>Durante a visita, o Presidente Nyusi ser\u00e1 recebido em audi\u00eancia pelo Rei Willem-Alexandre e vai manter conversa\u00e7\u00f5es oficiais com o Primeiro-Ministro holand\u00eas, Mark Rutte.&nbsp;<\/p>\n<p>O Chefe do Estado mo\u00e7ambicano vai igualmente manter encontros com diversos governantes do Reino dos Pa\u00edses Baixos, parlamentares, senadores, membros da C\u00e2mara dos Deputados, visitar institui\u00e7\u00f5es cient\u00edficas, financeiras, empreendimentos s\u00f3cio-econ\u00f3micos, para al\u00e9m de participar no F\u00f3rum de Neg\u00f3cios Mo\u00e7ambique-Holanda.<\/p>\n<p>Durante a visita, o Presidente da Rep\u00fablica far-se-\u00e1 acompanhar pela Esposa, Senhora Isaura Ferr\u00e3o Nyusi; pelos Ministros dos Neg\u00f3cios Estrangeiros e Coopera\u00e7\u00e3o, Oldemiro Baloi; dos Transportes e Comunica\u00e7\u00f5es, Carlos Fortes Mesquita; das Obras P\u00fablicas, Habita\u00e7\u00e3o e Recursos H\u00eddricos, Carlos Bonete Martinho e pelo Vice-Ministro da Ind\u00fastria e Com\u00e9rcio, Ragendra de Sousa.<\/p>\n<p>Ainda sobre o convite do Chefe do Estado para o Presidente do Munic\u00edpio da Cidade da Beira, Daviz Simango nesta desloca\u00e7\u00e3o ao Reino dos Pa\u00edses Baixos, \u00e9 para participar em alguns encontros de car\u00e1cter econ\u00f3mico.[CC]\n","protected":false},"excerpt":{"rendered":"<p>O Presidente da Rep\u00fablica, Filipe Jacinto Nyusi, convidou o presidente do munic\u00edpio da Beira, Daviz Simango para fazer parte da comitiva oficial que vai escalar de 17 a 19 de Maio de 2017, ao Reino dos Pa\u00edses Baixos. MAPUTO &#8211; Segundo o comunicado de imprensa enviado \u00e0 FOLHA DE MAPUTO, a visita do Chefe do &hellip;<\/p>\n","protected":false},"author":1,"featured_media":0,"comment_status":"open","ping_status":"open","sticky":false,"template":"","format":"standard","meta":{"_jetpack_memberships_contains_paid_content":false,"footnotes":""},"categories":[4],"tags":[],"class_list":["post-1842","post","type-post","status-publish","format-standard","hentry","category-outras"],"jetpack_featured_media_url":"","jetpack_sharing_enabled":true,"_links":{"self":[{"href":"https:\/\/www.frelimo.org.mz\/index.php?rest_route=\/wp\/v2\/posts\/1842","targetHints":{"allow":["GET"]}}],"collection":[{"href":"https:\/\/www.frelimo.org.mz\/index.php?rest_route=\/wp\/v2\/posts"}],"about":[{"href":"https:\/\/www.frelimo.org.mz\/index.php?rest_route=\/wp\/v2\/types\/post"}],"author":[{"embeddable":true,"href":"https:\/\/www.frelimo.org.mz\/index.php?rest_route=\/wp\/v2\/users\/1"}],"replies":[{"embeddable":true,"href":"https:\/\/www.frelimo.org.mz\/index.php?rest_route=%2Fwp%2Fv2%2Fcomments&post=1842"}],"version-history":[{"count":0,"href":"https:\/\/www.frelimo.org.mz\/index.php?rest_route=\/wp\/v2\/posts\/1842\/revisions"}],"wp:attachment":[{"href":"https:\/\/www.frelimo.org.mz\/index.php?rest_route=%2Fwp%2Fv2%2Fmedia&parent=1842"}],"wp:term":[{"taxonomy":"category","embeddable":true,"href":"https:\/\/www.frelimo.org.mz\/index.php?rest_route=%2Fwp%2Fv2%2Fcategories&post=1842"},{"taxonomy":"post_tag","embeddable":true,"href":"https:\/\/www.frelimo.org.mz\/index.php?rest_route=%2Fwp%2Fv2%2Ftags&post=1842"}],"curies":[{"name":"wp","href":"https:\/\/api.w.org\/{rel}","templated":true}]}}