{"id":1823,"date":"2017-04-26T19:19:22","date_gmt":"2017-04-26T19:19:22","guid":{"rendered":"https:\/\/www.frelimo.org.mz\/?p=1823"},"modified":"2017-04-26T19:19:22","modified_gmt":"2017-04-26T19:19:22","slug":"louis-pelembe-e-o-novo-director-da-escola-central-do-partido-frelimo","status":"publish","type":"post","link":"https:\/\/www.frelimo.org.mz\/?p=1823","title":{"rendered":"LOUIS PELEMBE \u00c9 O NOVO DIRECTOR DA ESCOLA CENTRAL DO PARTIDO FRELIMO"},"content":{"rendered":"<div class=\"itemIntroText\" style=\"margin: 0px; padding: 4px 0px 12px; border: 0px; outline: 0px; font-size: 13px; vertical-align: baseline; background-image: initial; background-position: initial; background-repeat: initial; background-attachment: initial; line-height: inherit; color: #444444; font-family: Arial, Helvetica, sans-serif;\">\n<p style=\"margin: 0.5em 0px; padding: 0px; border: 0px; outline: 0px; vertical-align: baseline; background: transparent;\"><span style=\"margin: 0px; padding: 0px; border: 0px; outline: 0px; font-size: 12pt; vertical-align: baseline; background: transparent; line-height: 18.4px; font-family: Verdana, sans-serif;\">O actual Director foi, esta quarta-feira, empossado pelo Presidente do Partido Frelimo, Filipe Nyusi.<\/span><\/p>\n<p><!--more--><\/p>\n<p style=\"margin: 0.5em 0px; padding: 0px; border: 0px; outline: 0px; vertical-align: baseline; background: transparent;\"><span style=\"margin: 0px; padding: 0px; border: 0px; outline: 0px; font-size: 12pt; vertical-align: baseline; background: transparent; line-height: 18.4px; font-family: Verdana, sans-serif;\"><\/span><\/p>\n<\/div>\n<div class=\"itemFullText\" style=\"margin: 0px; padding: 0px; border: 0px; outline: 0px; font-size: 13px; vertical-align: baseline; background-image: initial; background-position: initial; background-repeat: initial; background-attachment: initial; color: #444444; font-family: Arial, Helvetica, sans-serif;\">\n<p style=\"margin: 0.5em 0px; padding: 0px; border: 0px; outline: 0px; vertical-align: baseline; background: transparent;\"><span style=\"margin: 0px; padding: 0px; border: 0px; outline: 0px; font-size: 12pt; vertical-align: baseline; background: transparent; line-height: 18.4px; font-family: Verdana, sans-serif;\">Segundo Nyusi, para que a Frelimo consiga, com sucesso, materializar os seus desideratos, cabe ao actual Director da Escola Central, dinamizar o processo de forma\u00e7\u00e3o dos membros dos \u00f3rg\u00e3os do Partido, e das organiza\u00e7\u00f5es sociais.<\/span><\/p>\n<p style=\"margin: 0.5em 0px; padding: 0px; border: 0px; outline: 0px; vertical-align: baseline; background: transparent;\"><span style=\"margin: 0px; padding: 0px; border: 0px; outline: 0px; font-size: 12pt; vertical-align: baseline; background: transparent; line-height: 18.4px; font-family: Verdana, sans-serif;\">O Presidente do Partido Frelimo desafiou, ainda, o novo Director da Escola Central, a primar por uma lideran\u00e7a participativa.<\/span><\/p>\n<p style=\"margin: 0.5em 0px; padding: 0px; border: 0px; outline: 0px; vertical-align: baseline; background: transparent;\"><span style=\"margin: 0px; padding: 0px; border: 0px; outline: 0px; font-size: 12pt; vertical-align: baseline; background: transparent; line-height: 18.4px; font-family: Verdana, sans-serif;\">Na ocasi\u00e3o, o novo director da Escola Central da Frelimo, Louis Pelembe, assumiu os desafios deixados pelo Presidente do Partido.<\/span><\/p>\n<p style=\"margin: 0.5em 0px; padding: 0px; border: 0px; outline: 0px; vertical-align: baseline; background: transparent;\"><span style=\"margin: 0px; padding: 0px; border: 0px; outline: 0px; font-size: 12pt; vertical-align: baseline; background: transparent; line-height: 18.4px; font-family: Verdana, sans-serif;\">Louis Pelembe pretende, como sua primeira tarefa, monitorar todas as actividades que t\u00eam que ver com os preparativos do d\u00e9cimo primeiro congresso da Frelimo.<\/span><\/p>\n<p style=\"margin: 0.5em 0px; padding: 0px; border: 0px; outline: 0px; vertical-align: baseline; background: transparent;\"><span style=\"margin: 0px; padding: 0px; border: 0px; outline: 0px; font-size: 12pt; vertical-align: baseline; background: transparent; line-height: 18.4px; font-family: Verdana, sans-serif;\">Louis Pelembe substitui no cargo Arlindo Chilundo, actual Governador da Prov\u00edncia do Niassa.&nbsp;<\/span><\/p>\n<\/div>\n","protected":false},"excerpt":{"rendered":"<p>O actual Director foi, esta quarta-feira, empossado pelo Presidente do Partido Frelimo, Filipe Nyusi. Segundo Nyusi, para que a Frelimo consiga, com sucesso, materializar os seus desideratos, cabe ao actual Director da Escola Central, dinamizar o processo de forma\u00e7\u00e3o dos membros dos \u00f3rg\u00e3os do Partido, e das organiza\u00e7\u00f5es sociais. O Presidente do Partido Frelimo desafiou, &hellip;<\/p>\n","protected":false},"author":1,"featured_media":0,"comment_status":"open","ping_status":"open","sticky":false,"template":"","format":"standard","meta":{"_jetpack_memberships_contains_paid_content":false,"footnotes":""},"categories":[4],"tags":[],"class_list":["post-1823","post","type-post","status-publish","format-standard","hentry","category-outras"],"jetpack_featured_media_url":"","jetpack_sharing_enabled":true,"_links":{"self":[{"href":"https:\/\/www.frelimo.org.mz\/index.php?rest_route=\/wp\/v2\/posts\/1823","targetHints":{"allow":["GET"]}}],"collection":[{"href":"https:\/\/www.frelimo.org.mz\/index.php?rest_route=\/wp\/v2\/posts"}],"about":[{"href":"https:\/\/www.frelimo.org.mz\/index.php?rest_route=\/wp\/v2\/types\/post"}],"author":[{"embeddable":true,"href":"https:\/\/www.frelimo.org.mz\/index.php?rest_route=\/wp\/v2\/users\/1"}],"replies":[{"embeddable":true,"href":"https:\/\/www.frelimo.org.mz\/index.php?rest_route=%2Fwp%2Fv2%2Fcomments&post=1823"}],"version-history":[{"count":0,"href":"https:\/\/www.frelimo.org.mz\/index.php?rest_route=\/wp\/v2\/posts\/1823\/revisions"}],"wp:attachment":[{"href":"https:\/\/www.frelimo.org.mz\/index.php?rest_route=%2Fwp%2Fv2%2Fmedia&parent=1823"}],"wp:term":[{"taxonomy":"category","embeddable":true,"href":"https:\/\/www.frelimo.org.mz\/index.php?rest_route=%2Fwp%2Fv2%2Fcategories&post=1823"},{"taxonomy":"post_tag","embeddable":true,"href":"https:\/\/www.frelimo.org.mz\/index.php?rest_route=%2Fwp%2Fv2%2Ftags&post=1823"}],"curies":[{"name":"wp","href":"https:\/\/api.w.org\/{rel}","templated":true}]}}